{"id":135377,"date":"2023-01-04T18:43:21","date_gmt":"2023-01-04T21:43:21","guid":{"rendered":"https:\/\/senoticias.com.br\/se\/?p=135377"},"modified":"2023-01-04T18:53:49","modified_gmt":"2023-01-04T21:53:49","slug":"maternidade-municipal-lourdes-nogueira-em-aracaju-funcionara-sob-gestao-do-ints","status":"publish","type":"post","link":"https:\/\/senoticias.com.br\/se\/maternidade-municipal-lourdes-nogueira-em-aracaju-funcionara-sob-gestao-do-ints\/","title":{"rendered":"Maternidade Municipal Lourdes Nogueira, em Aracaju, funcionar\u00e1 sob gest\u00e3o do INTS"},"content":{"rendered":"\n<p>O prefeito de Aracaju, Edvaldo Nogueira, assinou, na manh\u00e3 desta quarta-feira (04), o contrato entre a Prefeitura de Aracaju e o Instituto Nacional de Tecnologia e Sa\u00fade (INTS), para a ger\u00eancia da estrutura da Maternidade Municipal Lourdes Nogueira. A expectativa \u00e9 que a entrega aconte\u00e7a em mar\u00e7o deste ano.<\/p>\n\n\n\n<figure class=\"wp-block-image size-large\"><img loading=\"lazy\" decoding=\"async\" width=\"596\" height=\"448\" src=\"https:\/\/senoticias.com.br\/se\/wp-content\/uploads\/2023\/01\/Santa-Isabel-SE-Noticias.jpg\" alt=\"\" class=\"wp-image-135378\" srcset=\"https:\/\/senoticias.com.br\/se\/wp-content\/uploads\/2023\/01\/Santa-Isabel-SE-Noticias.jpg 596w, https:\/\/senoticias.com.br\/se\/wp-content\/uploads\/2023\/01\/Santa-Isabel-SE-Noticias-300x226.jpg 300w, https:\/\/senoticias.com.br\/se\/wp-content\/uploads\/2023\/01\/Santa-Isabel-SE-Noticias-45x35.jpg 45w\" sizes=\"(max-width: 596px) 100vw, 596px\" \/><figcaption>Prefeito assina contrato com institui\u00e7\u00e3o que gerenciar\u00e1 a maternidade municipal Lourdes Nogueira &#8211; Foto: ascom\/INTS<\/figcaption><\/figure>\n\n\n\n<p>Localizada no Bairro 17 de Mar\u00e7o, Zona Sul de Aracaju, o pr\u00e9dio possui 760m\u00b2 e capacidade para mais de 700 partos mensais, com foco no atendimento a gestantes e pu\u00e9rperas da capital.<\/p>\n\n\n\n<p>Segundo Waneska Barbosa, secret\u00e1ria municipal de Sa\u00fade de Aracaju, o processo foi longo, tendo in\u00edcio em 2012. \u201cForam muitos percal\u00e7os, muitos desafios, mas tamb\u00e9m muita perseveran\u00e7a para chegarmos onde estamos chegando. Aqui \u00e9 mais um passo, uma assinatura de um contrato para daqui a mais ou menos 60 dias n\u00f3s iniciarmos efetivamente o funcionamento da nossa maternidade\u201d, destacou.<\/p>\n\n\n\n<p>Alan Kertzman, Diretor Geral do INTS, falou sobre o marco hist\u00f3rico que \u00e9 a abertura da primeira maternidade do munic\u00edpio, no qual o Instituto est\u00e1 inserido. \u201cIsso nos deixa muito honrados. Temos compet\u00eancia para fazer da Maternidade Lurdes Nogueira a refer\u00eancia que ela merece ser\u201d, enfatizou.<\/p>\n\n\n\n<p>\u201cPossu\u00edmos uma longa viv\u00eancia no SUS e podemos constatar a qualidade da estrutura da Maternidade Lourdes Nogueira. Aqui, temos um equipamento que vai, com certeza, fazer com que possamos atender os mun\u00edcipes aracajuanos de maneira muito mais precisa e muito mais segura\u201d, afirmou.<\/p>\n\n\n\n<p>O prefeito Edvaldo Nogueira, destacou a complexibilidade para a implementa\u00e7\u00e3o da Maternidade Lourdes Nogueira. \u201cFoi um trabalho muito complexo para dar este resultado, chegar onde chegamos\u201d, explicou.<\/p>\n\n\n\n<p>\u201cEstamos muito felizes, e temos o compromisso, junto com a empresa vencedora do processo licitat\u00f3rio, de tornar essa maternidade refer\u00eancia no Brasil nos pr\u00f3ximos dois anos, para deixarmos um legado, efetivamente, na sa\u00fade p\u00fablica do munic\u00edpio de Aracaju\u201d, afirmou o prefeito, refor\u00e7ando que ser\u00e1 um parceiro para trazer para a Maternidade Lurdes Nogueira o t\u00edtulo de melhor maternidade do Brasil.<\/p>\n\n\n\n<p><strong>Sobre o INTS<\/strong><\/p>\n\n\n\n<p>O Instituto Nacional de Tecnologia e Sa\u00fade (INTS) \u00e9 uma organiza\u00e7\u00e3o social sem fins lucrativos, certificada pelo CEBAS \u2013 Certifica\u00e7\u00e3o de Entidades Beneficentes de Assist\u00eancia Social na \u00e1rea de Sa\u00fade, com foco na pesquisa e inova\u00e7\u00e3o das melhores pr\u00e1ticas tecnol\u00f3gicas para a gest\u00e3o p\u00fablica e opera\u00e7\u00e3o de unidades nas \u00e1reas de Sa\u00fade no Brasil.<\/p>\n\n\n\n<p>Com perfil multidisciplinar, o INTS, desde a sua cria\u00e7\u00e3o em 2009, vem trabalhando de forma integrada com o setor empresarial, promovendo as melhores pr\u00e1ticas de gest\u00e3o focada em servi\u00e7os p\u00fablicos de Sa\u00fade, Educa\u00e7\u00e3o e Assist\u00eancia Social nas esferas municipal, estadual e federal. Atuar de forma sustent\u00e1vel e duradoura tem sido a principal vertente do INTS nessas \u00e1reas, que necessitam de um alto desenvolvimento tecnol\u00f3gico para atendimento da demanda do pa\u00eds.<\/p>\n\n\n\n<p>Atualmente, o INTS gerencia tamb\u00e9m unidades, atrav\u00e9s do Sistema \u00danico de Sa\u00fade (SUS), na Bahia, em S\u00e3o Paulo e no Cear\u00e1.<\/p>\n\n\n\n<p><em><strong>Acompanhe tamb\u00e9m o SE Not\u00edcias no\u00a0<a rel=\"noreferrer noopener\" href=\"https:\/\/twitter.com\/Senoticias\" target=\"_blank\">Twitter<\/a>,\u00a0<a rel=\"noreferrer noopener\" href=\"https:\/\/www.facebook.com\/senoticias1\" target=\"_blank\">Facebook<\/a>\u00a0e no\u00a0<a rel=\"noreferrer noopener\" href=\"https:\/\/www.instagram.com\/senoticias\/\" target=\"_blank\">Instagram<\/a><\/strong><\/em><\/p>\n\n\n\n<p><strong>Da Assessoria<\/strong><\/p>\n","protected":false},"excerpt":{"rendered":"<p>O prefeito de Aracaju, Edvaldo Nogueira, assinou, na manh\u00e3 desta quarta-feira (04), o contrato entre a Prefeitura de Aracaju e o Instituto Nacional de Tecnologia e Sa\u00fade (INTS), para a ger\u00eancia da estrutura da Maternidade Municipal Lourdes Nogueira. A expectativa \u00e9 que a entrega aconte\u00e7a em mar\u00e7o deste ano. Localizada no Bairro 17 de Mar\u00e7o, [&hellip;]<\/p>\n","protected":false},"author":6557,"featured_media":0,"comment_status":"closed","ping_status":"closed","sticky":false,"template":"","format":"standard","meta":{"footnotes":""},"categories":[15,6],"tags":[37982,698,37983,36831,5167],"class_list":{"0":"post-135377","1":"post","2":"type-post","3":"status-publish","4":"format-standard","6":"category-destaques","7":"category-politica","8":"tag-alan-kertzman","9":"tag-edvaldo-nogueira","10":"tag-instituto-nacional-de-tecnologia-e-saude","11":"tag-maternidade-do-17-de-marco","12":"tag-prefeito-edvaldo"},"_links":{"self":[{"href":"https:\/\/senoticias.com.br\/se\/wp-json\/wp\/v2\/posts\/135377"}],"collection":[{"href":"https:\/\/senoticias.com.br\/se\/wp-json\/wp\/v2\/posts"}],"about":[{"href":"https:\/\/senoticias.com.br\/se\/wp-json\/wp\/v2\/types\/post"}],"author":[{"embeddable":true,"href":"https:\/\/senoticias.com.br\/se\/wp-json\/wp\/v2\/users\/6557"}],"replies":[{"embeddable":true,"href":"https:\/\/senoticias.com.br\/se\/wp-json\/wp\/v2\/comments?post=135377"}],"version-history":[{"count":0,"href":"https:\/\/senoticias.com.br\/se\/wp-json\/wp\/v2\/posts\/135377\/revisions"}],"wp:attachment":[{"href":"https:\/\/senoticias.com.br\/se\/wp-json\/wp\/v2\/media?parent=135377"}],"wp:term":[{"taxonomy":"category","embeddable":true,"href":"https:\/\/senoticias.com.br\/se\/wp-json\/wp\/v2\/categories?post=135377"},{"taxonomy":"post_tag","embeddable":true,"href":"https:\/\/senoticias.com.br\/se\/wp-json\/wp\/v2\/tags?post=135377"}],"curies":[{"name":"wp","href":"https:\/\/api.w.org\/{rel}","templated":true}]}}