{"id":135320,"date":"2022-12-31T20:44:01","date_gmt":"2022-12-31T23:44:01","guid":{"rendered":"https:\/\/senoticias.com.br\/se\/?p=135320"},"modified":"2022-12-31T20:48:09","modified_gmt":"2022-12-31T23:48:09","slug":"papa-bento-xvi-morre-aos-95-anos","status":"publish","type":"post","link":"https:\/\/senoticias.com.br\/se\/papa-bento-xvi-morre-aos-95-anos\/","title":{"rendered":"Papa Bento XVI morre aos 95 anos"},"content":{"rendered":"\n<p><\/p>\n\n\n\n<p>O Papa Em\u00e9rito Bento XVI morreu neste s\u00e1bado (31), aos 95 anos, ap\u00f3s passar por uma piora repentina de sa\u00fade nos \u00faltimos dias. O vel\u00f3rio est\u00e1 marcado para come\u00e7ar na segunda-feira (2) na Bas\u00edlica de S\u00e3o Pedro, sendo que o funeral ser\u00e1 na quinta-feira (5) na Pra\u00e7a de S\u00e3o Pedro, presidido pelo Papa Francisco, segundo o Vaticano.<\/p>\n\n\n\n<p>&#8220;\u00c9 com pesar que informo que o Papa Em\u00e9rito Bento XVI faleceu hoje \u00e0s 9h34 [5h34 no hor\u00e1rio de Bras\u00edlia] no Mosteiro Mater Ecclesiae no Vaticano&#8221;, escreveu o perfil de not\u00edcias do Vaticano no Twitter.<\/p>\n\n\n\n<p>Pouco antes das 11h locais (7h em Bras\u00edlia), os sinos da bas\u00edlica de S\u00e3o Pedro tocaram pela morte do Papa Em\u00e9rito, enquanto centenas de pessoas foram \u00e0 pra\u00e7a no Vaticano para recordar a figura de Joseph Ratzinger.<\/p>\n\n\n\n<figure class=\"wp-block-image size-large\"><img loading=\"lazy\" decoding=\"async\" width=\"585\" height=\"329\" src=\"https:\/\/senoticias.com.br\/se\/wp-content\/uploads\/2022\/12\/Papa-Bento-morre-SE-Noticias.png\" alt=\"\" class=\"wp-image-135321\" srcset=\"https:\/\/senoticias.com.br\/se\/wp-content\/uploads\/2022\/12\/Papa-Bento-morre-SE-Noticias.png 585w, https:\/\/senoticias.com.br\/se\/wp-content\/uploads\/2022\/12\/Papa-Bento-morre-SE-Noticias-300x169.png 300w\" sizes=\"(max-width: 585px) 100vw, 585px\" \/><figcaption>Por que a sa\u00fade fr\u00e1gil do papa em\u00e9rito Bento 16 traz um dilema ao Vaticano \u2014 Foto: PA<\/figcaption><\/figure>\n\n\n\n<p>A sa\u00fade de Joseph Ratzinger vinha se debilitando nos \u00faltimos anos. O Vaticano havia dito nesta sexta-feira (30) em um comunicado sua condi\u00e7\u00e3o era grave, mas est\u00e1vel, com aten\u00e7\u00e3o m\u00e9dica constante. Desde a ren\u00fancia, em 10 de fevereiro de 2013, o te\u00f3logo alem\u00e3o vivia em um pequeno mosteiro no Vaticano.<\/p>\n\n\n\n<p>Embora o gesto mais marcante de seu pontificado tenha sido a pr\u00f3pria ren\u00fancia, os quase oito anos no comando da Igreja Cat\u00f3lica tamb\u00e9m foram marcados por textos teol\u00f3gicos de f\u00f4lego, uma linha conservadora nas quest\u00f5es morais, e esc\u00e2ndalos de disputas pol\u00edticas e vazamentos de documentos do Vaticano \u2013 os chamados Vatileaks.<\/p>\n\n\n\n<p><strong>Ren\u00fancia ao papado<\/strong><br><br>Papa Bento XVI surpreendeu o mundo quando anunciou sua ren\u00fancia, em latim, durante uma reuni\u00e3o rotineira com os cardeais presentes em Roma. Muitos papas da era moderna chegaram a cogitar a ren\u00fancia por motivos de sa\u00fade, entre eles Paulo VI e Jo\u00e3o Paulo II, mas nenhum deles havia concretizado essa decis\u00e3o.<\/p>\n\n\n\n<p>Na ocasi\u00e3o, aos 85 anos, Bento XVI disse que o motivo para deixar o cargo era a falta de for\u00e7as na mente e no corpo.<\/p>\n\n\n\n<p>\u201cNo mundo de hoje, sujeito a r\u00e1pidas mudan\u00e7as e agitado por quest\u00f5es de grande relev\u00e2ncia para a vida da f\u00e9, para governar a barca de S\u00e3o Pedro e anunciar o Evangelho, \u00e9 necess\u00e1rio tamb\u00e9m o vigor, seja do corpo, seja do \u00e2nimo, vigor que, nos \u00faltimos meses, em mim diminuiu, de modo tal a ter que reconhecer minha incapacidade de administrar bem o minist\u00e9rio a mim confiado.\u201d \u2013 Papa Bento XVI<\/p>\n\n\n\n<p>A diferen\u00e7a de Bento XVI em rela\u00e7\u00e3o a outros papas que renunciaram no passado \u00e9 que ele deixou o cargo de forma consciente e volunt\u00e1ria, alegando n\u00e3o ter mais for\u00e7as para governar.<\/p>\n\n\n\n<p>Bento XVI renunciou quase 600 anos depois de Greg\u00f3rio XII, que deixou o cargo da mesma forma em 1415, em meio a uma divis\u00e3o pol\u00edtica na Igreja. A ideia de Greg\u00f3rio XII era permitir a elei\u00e7\u00e3o de um novo pont\u00edfice que a unificasse.<\/p>\n\n\n\n<p>Ainda mais not\u00e1vel, por\u00e9m, foi o caso do Papa Celestino V, considerado santo pela Igreja. Em 1294, ele renunciou ap\u00f3s apenas cinco meses no trono de Pedro, virou eremita e, no fim da vida, foi mantido prisioneiro de seu sucessor, o Papa Bonif\u00e1cio VIII.<\/p>\n\n\n\n<p>Diferentemente deles, e por escolha pr\u00f3pria, Bento XVI tornou-se o primeiro Papa Em\u00e9rito da hist\u00f3ria. Continuou se vestindo de branco e n\u00e3o renunciou \u00e0 confort\u00e1vel vida no Vaticano, protegida de holofotes e multid\u00f5es. Mas adotou um estilo simples e, com exce\u00e7\u00e3o de algumas apari\u00e7\u00f5es p\u00fablicas e coment\u00e1rios teol\u00f3gicos publicados por escrito, manteve-se isolado. Ao renunciar, ele prometeu obedi\u00eancia ao seu sucessor, que viria a ser o Papa Francisco, eleito em 13 de mar\u00e7o de 2013.<\/p>\n\n\n\n<p>A diferen\u00e7a de Bento XVI em rela\u00e7\u00e3o a outros papas que renunciaram no passado \u00e9 que ele deixou o cargo de forma consciente e volunt\u00e1ria, alegando n\u00e3o ter mais for\u00e7as para governar.<\/p>\n\n\n\n<p>Bento XVI renunciou quase 600 anos depois de Greg\u00f3rio XII, que deixou o cargo da mesma forma em 1415, em meio a uma divis\u00e3o pol\u00edtica na Igreja. A ideia de Greg\u00f3rio XII era permitir a elei\u00e7\u00e3o de um novo pont\u00edfice que a unificasse.<\/p>\n\n\n\n<p>Ainda mais not\u00e1vel, por\u00e9m, foi o caso do Papa Celestino V, considerado santo pela Igreja. Em 1294, ele renunciou ap\u00f3s apenas cinco meses no trono de Pedro, virou eremita e, no fim da vida, foi mantido prisioneiro de seu sucessor, o Papa Bonif\u00e1cio VIII.<\/p>\n\n\n\n<p>Diferentemente deles, e por escolha pr\u00f3pria, Bento XVI tornou-se o primeiro Papa Em\u00e9rito da hist\u00f3ria. Continuou se vestindo de branco e n\u00e3o renunciou \u00e0 confort\u00e1vel vida no Vaticano, protegida de holofotes e multid\u00f5es. Mas adotou um estilo simples e, com exce\u00e7\u00e3o de algumas apari\u00e7\u00f5es p\u00fablicas e coment\u00e1rios teol\u00f3gicos publicados por escrito, manteve-se isolado. Ao renunciar, ele prometeu obedi\u00eancia ao seu sucessor, que viria a ser o Papa Francisco, eleito em 13 de mar\u00e7o de 2013.<\/p>\n\n\n\n<p>\u201cCom um ato de extraordin\u00e1ria aud\u00e1cia, ele renovou o of\u00edcio papal, e com um \u00faltimo esfor\u00e7o o potencializou\u201d, disse Dom Georg G\u00e4nswein, secret\u00e1rio particular de Bento XVI e Prefeito da Casa Pontif\u00edcia, em maio de 2016, num evento em Roma.<\/p>\n\n\n\n<p>Por Filipe Domingues, Thais Matos e Savio Ladeira,<strong> <a href=\"https:\/\/g1.globo.com\/mundo\/noticia\/2022\/12\/31\/bento-xvi-morre.ghtml\">g1<\/a><\/strong><\/p>\n\n\n\n<p><em><strong>Acompanhe tamb\u00e9m o SE Not\u00edcias no\u00a0<a href=\"https:\/\/www.instagram.com\/senoticias\/\">Instagram<\/a>,\u00a0<a href=\"https:\/\/twitter.com\/home\">Twitter<\/a>\u00a0e no\u00a0<a href=\"https:\/\/web.facebook.com\/senoticias1\/\">Facebook<\/a><\/strong><\/em><\/p>\n","protected":false},"excerpt":{"rendered":"<p>O Papa Em\u00e9rito Bento XVI morreu neste s\u00e1bado (31), aos 95 anos, ap\u00f3s passar por uma piora repentina de sa\u00fade nos \u00faltimos dias. O vel\u00f3rio est\u00e1 marcado para come\u00e7ar na segunda-feira (2) na Bas\u00edlica de S\u00e3o Pedro, sendo que o funeral ser\u00e1 na quinta-feira (5) na Pra\u00e7a de S\u00e3o Pedro, presidido pelo Papa Francisco, segundo [&hellip;]<\/p>\n","protected":false},"author":6557,"featured_media":0,"comment_status":"closed","ping_status":"closed","sticky":false,"template":"","format":"standard","meta":{"footnotes":""},"categories":[15,46],"tags":[37950,37949,37951],"class_list":{"0":"post-135320","1":"post","2":"type-post","3":"status-publish","4":"format-standard","6":"category-destaques","7":"category-religiao","8":"tag-morre-papa-bento","9":"tag-papa-bento","10":"tag-papa-emerito-bento-xvi"},"_links":{"self":[{"href":"https:\/\/senoticias.com.br\/se\/wp-json\/wp\/v2\/posts\/135320"}],"collection":[{"href":"https:\/\/senoticias.com.br\/se\/wp-json\/wp\/v2\/posts"}],"about":[{"href":"https:\/\/senoticias.com.br\/se\/wp-json\/wp\/v2\/types\/post"}],"author":[{"embeddable":true,"href":"https:\/\/senoticias.com.br\/se\/wp-json\/wp\/v2\/users\/6557"}],"replies":[{"embeddable":true,"href":"https:\/\/senoticias.com.br\/se\/wp-json\/wp\/v2\/comments?post=135320"}],"version-history":[{"count":0,"href":"https:\/\/senoticias.com.br\/se\/wp-json\/wp\/v2\/posts\/135320\/revisions"}],"wp:attachment":[{"href":"https:\/\/senoticias.com.br\/se\/wp-json\/wp\/v2\/media?parent=135320"}],"wp:term":[{"taxonomy":"category","embeddable":true,"href":"https:\/\/senoticias.com.br\/se\/wp-json\/wp\/v2\/categories?post=135320"},{"taxonomy":"post_tag","embeddable":true,"href":"https:\/\/senoticias.com.br\/se\/wp-json\/wp\/v2\/tags?post=135320"}],"curies":[{"name":"wp","href":"https:\/\/api.w.org\/{rel}","templated":true}]}}