{"id":135318,"date":"2022-12-30T22:18:06","date_gmt":"2022-12-31T01:18:06","guid":{"rendered":"https:\/\/senoticias.com.br\/se\/?p=135318"},"modified":"2022-12-31T11:04:15","modified_gmt":"2022-12-31T14:04:15","slug":"sao-cristovao-cidade-mae-de-sergipe-completa-433-anos-no-domingo-1o","status":"publish","type":"post","link":"https:\/\/senoticias.com.br\/se\/sao-cristovao-cidade-mae-de-sergipe-completa-433-anos-no-domingo-1o\/","title":{"rendered":"S\u00e3o Crist\u00f3v\u00e3o, Cidade M\u00e3e de Sergipe, completa 433 anos neste domingo, 1\u00ba"},"content":{"rendered":"\n<p>Quem mora na quarta cidade mais antiga do Brasil sabe da import\u00e2ncia de viver num munic\u00edpio composto de riquezas hist\u00f3ricas, culturais e naturais. Neste domingo (01), o munic\u00edpio de S\u00e3o Crist\u00f3v\u00e3o completa 433 anos conectando o passado e o presente na constru\u00e7\u00e3o de um futuro de desenvolvimento para os sancristovenses.<\/p>\n\n\n\n<figure class=\"wp-block-image size-large\"><img loading=\"lazy\" decoding=\"async\" width=\"599\" height=\"398\" src=\"https:\/\/senoticias.com.br\/se\/wp-content\/uploads\/2014\/12\/grande-pracassaofrancisco_iphan_101214-e1493154966960.jpg\" alt=\"\" class=\"wp-image-73721\"\/><figcaption> S\u00e3o Crist\u00f3v\u00e3o comemora 433 anos com programa\u00e7\u00e3o especial &#8211; Foto: Iphan\/arquivo <\/figcaption><\/figure>\n\n\n\n<p>Reconhecida como a Cidade M\u00e3e de Sergipe atrav\u00e9s da Lei N\u00ba 8.824\/2021, S\u00e3o Crist\u00f3v\u00e3o foi fundada em 1590 por Crist\u00f3v\u00e3o de Barros, e sua trajet\u00f3ria hist\u00f3rica \u00e9 caracterizada pela influ\u00eancia das eras da Uni\u00e3o Ib\u00e9rica e da invas\u00e3o Holandesa na constru\u00e7\u00e3o das suas Igrejas, assim como a passagem de personagens importantes na hist\u00f3ria de Sergipe como o sancristovense Jo\u00e3o Nepomuceno Borges, conhecido como Jo\u00e3o Bebe \u00c1gua, e de Santa Dulce dos Pobres, primeira santa nascida no Brasil.<\/p>\n\n\n\n<p>Al\u00e9m disso, a Cidade M\u00e3e tamb\u00e9m traz uma cultura rica em campos como a gastronomia, como \u00e9 o caso do biscoito Bricelet, que recebeu o t\u00edtulo de patrim\u00f4nio cultural imaterial do Estado de Sergipe pela Lei 8.931\/2021, e da cultura popular atrav\u00e9s de grupos como Samba de Coco da Ilha Grande, as Caceteiras do Mestre Rind\u00fa e o Reisado do Mestre Satu.<\/p>\n\n\n\n<p>Essa \u00faltima, foi celebrada e reverenciada no Festival de Artes de S\u00e3o Crist\u00f3v\u00e3o (Fasc), que comemorou os 50 anos trazendo o melhor das artes pl\u00e1sticas, teatrais, musicais e muitas \u00e1reas da cultura local e nacional, e principalmente, refor\u00e7ando que a manifesta\u00e7\u00e3o cultural deve ser preservada por muitos anos.<\/p>\n\n\n\n<p><strong>Al\u00e9m da hist\u00f3ria<\/strong><\/p>\n\n\n\n<p>Nos \u00faltimos anos, a popula\u00e7\u00e3o sancristovense presenciou mudan\u00e7as significativas dentro do munic\u00edpio que melhoraram suas vidas de diversas formas. Quem estuda nas escolas da rede municipal se sente valorizado pelo esfor\u00e7o da gest\u00e3o em entregar escolas com estrutura e conforto, e uma equipe multidisciplinar focada no desenvolvimento do aluno, e n\u00e3o \u00e9 a toa que os resultados j\u00e1 s\u00e3o percebidos com a recente coloca\u00e7\u00e3o de S\u00e3o Crist\u00f3v\u00e3o no 4\u00ba lugar nos anos iniciais no \u00faltimo \u00cdndice de Desenvolvimento da Educa\u00e7\u00e3o Brasileira (Ideb).<\/p>\n\n\n\n<p>Seja no Centro Hist\u00f3rico ou na Grande Rosa Elze, a cada m\u00eas, os moradores s\u00e3o atendidos com mais estradas pavimentadas, ruas e avenidas iluminadas, al\u00e9m de novas unidades de sa\u00fade, gin\u00e1sios e pra\u00e7as totalmente requalificadas, proporcionando seguran\u00e7a e lazer em cada cent\u00edmetro do munic\u00edpio. Na assist\u00eancia, a cria\u00e7\u00e3o de programas como \u2018T\u00e1 na Mesa\u2019 e de estruturas como o Centro de Refer\u00eancia em Seguran\u00e7a Alimentar e Nutricional (Cresan), possibilitaram uma aten\u00e7\u00e3o especial \u00e0s fam\u00edlias vulner\u00e1veis e a garantia dos direitos humanos.<\/p>\n\n\n\n<p>Tamb\u00e9m \u00e9 not\u00f3rio o trabalho da Prefeitura na promo\u00e7\u00e3o de trabalho e renda a partir de parcerias com os agricultores da agricultura familiar no fornecimento de alimentos para a merenda escolar dos estudantes, o incentivo ao primeiro emprego aos jovens, e em parcerias com empresas como Sebrae atrav\u00e9s do Programa Cidade Empreendedora, auxiliando aos microempreendedores individuais locais (MEI).<\/p>\n\n\n\n<p>Para o Prefeito de S\u00e3o Crist\u00f3v\u00e3o, Marcos Santana, assim como 2022, o ano de 2023 ser\u00e1 marcado por mudan\u00e7as significativas e com muito trabalho em prol da qualidade de vida de seus mun\u00edcipes. \u201c\u00c9 um grande orgulho gerir a <strong>Cidade M\u00e3e de Sergipe<\/strong>, que \u00e9 ber\u00e7o da cultura sergipana e da hist\u00f3ria do nosso pa\u00eds. Para 2023, n\u00f3s iremos comemorar o seu <strong>433\u00ba anivers\u00e1rio <\/strong>preservando as tradi\u00e7\u00f5es locais, garantindo direitos b\u00e1sicos e essenciais para a nossa popula\u00e7\u00e3o nas mais diversas \u00e1reas, e manteremos esfor\u00e7os para entregar cada vez mais obras que ir\u00e3o proporcionar o sentimento de pertencimento de viver no munic\u00edpio de S\u00e3o Crist\u00f3v\u00e3o&#8221;, ressaltou.<\/p>\n\n\n\n<p><strong>Programa\u00e7\u00e3o de anivers\u00e1rio<\/strong><\/p>\n\n\n\n<p>A comemora\u00e7\u00e3o do anivers\u00e1rio de S\u00e3o Crist\u00f3v\u00e3o ser\u00e1 realizada atrav\u00e9s da celebra\u00e7\u00e3o de uma missa de a\u00e7\u00e3o de gra\u00e7as, que ocorrer\u00e1 no domingo, \u00e0s 19h, na Igreja Nossa Senhora da Vit\u00f3ria, Centro Hist\u00f3rico da cidade.<\/p>\n\n\n\n<p><em><strong>Acompanhe tamb\u00e9m o SE Not\u00edcias no\u00a0<a rel=\"noreferrer noopener\" href=\"https:\/\/twitter.com\/Senoticias\" target=\"_blank\">Twitter<\/a>,\u00a0<a rel=\"noreferrer noopener\" href=\"https:\/\/www.facebook.com\/senoticias1\" target=\"_blank\">Facebook<\/a>\u00a0e no\u00a0<a rel=\"noreferrer noopener\" href=\"https:\/\/www.instagram.com\/senoticias\/\" target=\"_blank\">Instagram<\/a><\/strong><\/em><\/p>\n\n\n\n<p>por ascom\/PMSC<\/p>\n","protected":false},"excerpt":{"rendered":"<p>Quem mora na quarta cidade mais antiga do Brasil sabe da import\u00e2ncia de viver num munic\u00edpio composto de riquezas hist\u00f3ricas, culturais e naturais. Neste domingo (01), o munic\u00edpio de S\u00e3o Crist\u00f3v\u00e3o completa 433 anos conectando o passado e o presente na constru\u00e7\u00e3o de um futuro de desenvolvimento para os sancristovenses. Reconhecida como a Cidade M\u00e3e [&hellip;]<\/p>\n","protected":false},"author":6557,"featured_media":0,"comment_status":"closed","ping_status":"closed","sticky":false,"template":"","format":"standard","meta":{"footnotes":""},"categories":[15,38,1],"tags":[35667,9569,4589,16002,335,37948],"class_list":{"0":"post-135318","1":"post","2":"type-post","3":"status-publish","4":"format-standard","6":"category-destaques","7":"category-municipios","8":"category-sem-categoria","9":"tag-aniversario-de-sao-cristovao","10":"tag-cidade-mae-de-sergipe","11":"tag-prefeito-marcos-santana","12":"tag-prefeitura-de-sao-cristovao-2","13":"tag-sao-cristovao","14":"tag-sao-cristovao-433"},"_links":{"self":[{"href":"https:\/\/senoticias.com.br\/se\/wp-json\/wp\/v2\/posts\/135318"}],"collection":[{"href":"https:\/\/senoticias.com.br\/se\/wp-json\/wp\/v2\/posts"}],"about":[{"href":"https:\/\/senoticias.com.br\/se\/wp-json\/wp\/v2\/types\/post"}],"author":[{"embeddable":true,"href":"https:\/\/senoticias.com.br\/se\/wp-json\/wp\/v2\/users\/6557"}],"replies":[{"embeddable":true,"href":"https:\/\/senoticias.com.br\/se\/wp-json\/wp\/v2\/comments?post=135318"}],"version-history":[{"count":0,"href":"https:\/\/senoticias.com.br\/se\/wp-json\/wp\/v2\/posts\/135318\/revisions"}],"wp:attachment":[{"href":"https:\/\/senoticias.com.br\/se\/wp-json\/wp\/v2\/media?parent=135318"}],"wp:term":[{"taxonomy":"category","embeddable":true,"href":"https:\/\/senoticias.com.br\/se\/wp-json\/wp\/v2\/categories?post=135318"},{"taxonomy":"post_tag","embeddable":true,"href":"https:\/\/senoticias.com.br\/se\/wp-json\/wp\/v2\/tags?post=135318"}],"curies":[{"name":"wp","href":"https:\/\/api.w.org\/{rel}","templated":true}]}}