{"id":135298,"date":"2022-12-29T16:10:46","date_gmt":"2022-12-29T19:10:46","guid":{"rendered":"https:\/\/senoticias.com.br\/se\/?p=135298"},"modified":"2022-12-29T16:10:52","modified_gmt":"2022-12-29T19:10:52","slug":"pele-atleta-do-seculo-morre-em-sao-paulo-aos-82-anos","status":"publish","type":"post","link":"https:\/\/senoticias.com.br\/se\/pele-atleta-do-seculo-morre-em-sao-paulo-aos-82-anos\/","title":{"rendered":"Pel\u00e9, atleta do s\u00e9culo, morre em S\u00e3o Paulo aos 82 anos"},"content":{"rendered":"\n<p><\/p>\n\n\n\n<p>Edson Arantes Nascimento, o Pel\u00e9, o maior jogador de futebol do mundo, morreu nesta quinta-feira (29) aos 82 anos, em S\u00e3o Paulo.<\/p>\n\n\n\n<p>Ele estava internado desde o dia 28 de novembro no Hospital Albert Einstein, na Zona Sul de S\u00e3o Paulo para reavalia\u00e7\u00e3o da quimioterapia contra o tumor de c\u00f3lon e o tratamento de uma infec\u00e7\u00e3o respirat\u00f3ria.<\/p>\n\n\n\n<p>Em boletim m\u00e9dico no dia 22 deste m\u00eas, os m\u00e9dicos alertaram para a progress\u00e3o do c\u00e2ncer e afirmaram que o paciente estava necessitando de maiores cuidados referentes \u00e0s disfun\u00e7\u00f5es renal e card\u00edaca.<\/p>\n\n\n\n<p>Na quarta (28), os dois filhos de Sandra Regina Arantes do Nascimento Felinto, se juntaram \u00e0 fam\u00edlia e visitaram o av\u00f4 no hospital e disseram que essa aproxima\u00e7\u00e3o era o que Sandra &#8220;mais sonhava&#8221;. A imagem de Oct\u00e1vio e Gabriel foi postada pela tia Kely Nascimento no Instagram. Na foto, onde tamb\u00e9m aparece outra filha do atleta, Fl\u00e1via Arantes, Kely escreveu sobre a import\u00e2ncia de todos estarem juntos.<\/p>\n\n\n\n<figure class=\"wp-block-image size-large\"><img loading=\"lazy\" decoding=\"async\" width=\"589\" height=\"416\" src=\"https:\/\/senoticias.com.br\/se\/wp-content\/uploads\/2022\/12\/Morre-Pele-SE-Noticias.png\" alt=\"\" class=\"wp-image-135299\" srcset=\"https:\/\/senoticias.com.br\/se\/wp-content\/uploads\/2022\/12\/Morre-Pele-SE-Noticias.png 589w, https:\/\/senoticias.com.br\/se\/wp-content\/uploads\/2022\/12\/Morre-Pele-SE-Noticias-300x212.png 300w\" sizes=\"(max-width: 589px) 100vw, 589px\" \/><figcaption>Pel\u00e9, o maior jogador de futebol do mundo, durante entrevista \u00e0 TV Globo \u2014 Foto: Vanessa Rodrigues\/Arquivo A Tribuna<\/figcaption><\/figure>\n\n\n\n<p>&#8220;Esses momentos s\u00e3o dif\u00edceis de explicar. As vezes muita tristeza \u00e9 desespero, outros momentos rimos e falamos de mem\u00f3rias divertidas. E o que mais aprendemos com tudo isso \u00e9 que temos que buscar um ao outro, e segurar bem pertinho. S\u00f3 assim que tudo vale a pena. Com todos juntos.&#8221;<br>Uma semana antes, no dia 21, Kely publicou um post no qual disse que o Natal da fam\u00edlia seria celebrado ao lado do pai, no hospital.<\/p>\n\n\n\n<p>&#8220;Fam\u00edlia do insta, o nosso Natal em casa foi suspenso. N\u00f3s decidimos com os m\u00e9dicos que, por v\u00e1rias raz\u00f5es, ser\u00e1 melhor a gente ficar por aqui mesmo, com todo esse cuidado que esta nova fam\u00edlia Einstein nos d\u00e1&#8221;, escreveu ela.<\/p>\n\n\n\n<p>Pel\u00e9 foi diagnosticado com c\u00e2ncer em setembro de 2021. Em fevereiro deste ano, ex-jogador se internou no Albert Einstein para dar continuidade \u00e0 quimioterapia.<\/p>\n\n\n\n<p><strong>Carta sobre sonho<\/strong><\/p>\n\n\n\n<p>Em 17 de dezembro, o Rei do Futebol postou em seu Instagram uma carta aberta onde falava sobre sonhos, amor e a elimina\u00e7\u00e3o da sele\u00e7\u00e3o brasileira na Copa do Mundo. A postagem teve milhares de curtidas de f\u00e3s do Brasil e do mundo.<\/p>\n\n\n\n<p>&#8220;A vida \u00e9 oportunidade. O que fazemos com ela cabe a cada um de n\u00f3s. Acertamos e erramos. Na vit\u00f3ria, recebemos a celebra\u00e7\u00e3o. Na derrota, o aprendizado. A vida sempre \u00e9 generosa e oferece novos recome\u00e7os. A cada dia que passa, iniciamos um novo caminho. E neste ciclo, alimentamos sonhos que nunca morrem, independente dos trope\u00e7os da jornada.<\/p>\n\n\n\n<p>Isso serve para todo mundo, mas quando o seu sonho \u00e9 ser jogador de futebol, as oportunidades s\u00e3o muito mais raras e os sonhos muito mais long\u00ednquos. J\u00e1 os trope\u00e7os n\u00e3o s\u00e3o mais doloridos que o da vida de ningu\u00e9m. Por\u00e9m, s\u00e3o julgados por muito mais pessoas, n\u00e3o acha? E, para ser justo, as vit\u00f3rias s\u00e3o muito mais celebradas tamb\u00e9m.<\/p>\n\n\n\n<p>Apesar da dor que estamos sentindo com a nossa elimina\u00e7\u00e3o na Copa do Mundo, eu pe\u00e7o aos brasileiros que se lembrem do que nos trouxe at\u00e9 as cinco primeiras estrelas que temos no peito. \u00c9 o amor que nos move.<\/p>\n\n\n\n<p>Eu n\u00e3o sei o que nos faz sermos t\u00e3o loucos por futebol. Se \u00e9 o amor pela uni\u00e3o de amizades verdadeiras em torno do esporte, pelo grito do gol ou por esquecer de todos os problemas que enfrentamos, mesmo que seja por apenas 90 minutos. Talvez o amor pelo combate \u00e0 pobreza, \u00e0 fome e \u00e0s drogas, que o futebol assume em tantas comunidades que formam um pa\u00eds t\u00e3o imenso. S\u00e3o muitas as virtudes do esporte mais bonito. Ainda mais aqui no Brasil.<\/p>\n\n\n\n<p>N\u00e3o importa o motivo. O que importa \u00e9 que essa torcida nos uniu, em um momento que precis\u00e1vamos tanto de uni\u00e3o. E meu sonho \u00e9 que este sentimento entre n\u00f3s e pelo nosso pa\u00eds n\u00e3o seja apenas passageiro. Este objetivo pode parecer imposs\u00edvel. Por\u00e9m, quando eu era garoto, eu tive outro sonho que tamb\u00e9m parecia: vencer a Copa do Mundo para o meu pai.<\/p>\n\n\n\n<p>Falando em sonhos, n\u00e3o pensem que os sonhos dos nossos atletas acabaram. Eu sei que eles ainda sonham com a sexta estrela, assim como eu sonhava quando era um menino. A nossa conquista foi apenas adiada.<\/p>\n\n\n\n<p>Aos meus amigos atletas e comiss\u00e3o t\u00e9cnica da Sele\u00e7\u00e3o, eu deixo a minha admira\u00e7\u00e3o, solidariedade e amor. A todos os brasileiros, eu desejo que a uni\u00e3o e o amor que nos une no esporte transcenda para a vida inteira. O sonho \u00e9 de todos n\u00f3s. Amor, amor e amor.&#8221;<\/p>\n\n\n\n<p><strong>Biografia<\/strong><br><br>De menino de Tr\u00eas Cora\u00e7\u00f5es (MG) a maior jogador do mundo: a trajet\u00f3ria de Pel\u00e9.<\/p>\n\n\n\n<p>Eterno rei do futebol, ele ganhou proje\u00e7\u00e3o no Santos e se consagrou na sele\u00e7\u00e3o brasileira. Foi o \u00fanico atleta na hist\u00f3ria a ganhar tr\u00eas Copas como jogador.<\/p>\n\n\n\n<p>Edson Arantes do Nascimento nasceu no dia 23 de outubro de 1940 em Tr\u00eas Cora\u00e7\u00f5es, no sul de Minas Gerais, em uma fam\u00edlia humilde, filho de Celeste e de Jo\u00e3o Ramos do Nascimento, jogador de futebol conhecido como Donadinho.<\/p>\n\n\n\n<p>Desde crian\u00e7a, j\u00e1 com o apelido de Pel\u00e9, ele queria seguir os passos do pai no esporte. Sua fam\u00edlia se mudou para Bauru, no interior de S\u00e3o Paulo, e l\u00e1 ele come\u00e7ou a carreira no futebol amador de campo e de sal\u00e3o.<\/p>\n\n\n\n<p>Aos 15 anos, Pel\u00e9 foi levado para fazer um teste no Santos. Foi contratado pelo clube em 1956 e j\u00e1 come\u00e7ou a se destacar na equipe. No ano seguinte, foi convocado para a sele\u00e7\u00e3o brasileira, que se preparava para a Copa de 58.<\/p>\n\n\n\n<p>Aos 17 anos, ele foi para a Copa na Su\u00e9cia e, mesmo sendo reserva nos dois primeiros jogos, marcou seis gols e ajudou o Brasil a ser campe\u00e3o pela primeira vez. No ano seguinte, foi artilheiro do Campeonato Sul-Americano de Futebol de 1959.<\/p>\n\n\n\n<p>Na Copa de 1962 no Chile, consagrado no Santos, ele fez uma boa partida contra o M\u00e9xico na estreia, mas sofreu uma distens\u00e3o muscular contra a Tchecoslov\u00e1quia e n\u00e3o jogou o resto do torneio. Em 1966, tamb\u00e9m sofreu les\u00f5es nos jogos contra a Bulg\u00e1ria e Portugal.<\/p>\n\n\n\n<p>Em 1970, j\u00e1 chamado de o \u201crei do futebol\u201d, Pel\u00e9 viveu o auge da sua carreira na Copa do M\u00e9xico aos 29 anos. Em seis jogos, ele fez quatro gols, seis assist\u00eancias, encantou o mundo e ajudou o Brasil a levar o tricampeonato.<\/p>\n\n\n\n<p>Com a ta\u00e7a, se tornou o \u00fanico atleta na hist\u00f3ria a ganhar tr\u00eas Copas como jogador.<\/p>\n\n\n\n<p><strong>No Santos<\/strong><br><br>Quando chegou ao Santos, o time era o bicampe\u00e3o paulista, em uma \u00e9poca em que os estaduais eram os mais importantes do calend\u00e1rio.<\/p>\n\n\n\n<p>Mesmo assim, levou apenas um m\u00eas para estrear na equipe principal. Em um amistoso contra o Corinthians de Santo Andr\u00e9, entrou no segundo tempo e marcou o sexto gol da vit\u00f3ria por 7 a 1 \u2013 seu primeiro com a camisa santista.<\/p>\n\n\n\n<p>Ao longo de sua carreira no Santos, ganhou 23 t\u00edtulos com o time, e se sagrou artilheiro em grande parte deles. Nesses 18 anos, marcou 1.088 gols em 1114 partidas, com uma m\u00e9dia de 0,97 por jogo.<\/p>\n\n\n\n<p>Os grandes destaques, al\u00e9m dos estaduais, ficam com as conquistas das Libertadores e dos Mundiais Interclubes de 1962 e 1963.<\/p>\n\n\n\n<p>Em de outubro de 1974, Pel\u00e9 fez sua \u00faltima partida em solo brasileiro. Com a camisa alvinegra santista, participou da vit\u00f3ria sobre a Ponte Preta por 2 a 0.<\/p>\n\n\n\n<p>No ano seguinte, estreava pelo Cosmos, de Nova York. Apesar de estar longe de sua melhor forma f\u00edsica, ajudou a popularizar o esporte nos Estados Unidos.<\/p>\n\n\n\n<p>L\u00e1 se aposentaria em uma partida que envolvia os dois clubes pelo qual jogou em frente a um p\u00fablico de cerca de 60 mil pessoas. Em 1977, vestiu a camisa do Cosmos no primeiro tempo e marcou um gol. No segundo tempo, defendeu o Santos.<\/p>\n\n\n\n<p>Sua despedida da sele\u00e7\u00e3o brasileira veio apenas em 1990. Aos 50 anos, Pel\u00e9 jogou um amistoso na It\u00e1lia contra um combinado de jogadores estrangeiros.<\/p>\n\n\n\n<p>Ao fim de sua carreira, ele registrava a marca de 1.365 jogos, com 1.283 gols. Pel\u00e9 ent\u00e3o se tornou um embaixador mundial do esporte. O ex-jogador foi ministro do Esporte entre 1995 e 1998, ap\u00f3s aceitar convite do ent\u00e3o presidente Fernando Henrique Cardoso.<\/p>\n\n\n\n<p>Estrela nos gramados, Pel\u00e9 tamb\u00e9m brilhou em diversas campanhas publicit\u00e1rias e participou de filmes e de grava\u00e7\u00f5es musicais.<\/p>\n\n\n\n<p><em><strong>Acompanhe tamb\u00e9m o SE Not\u00edcias no\u00a0<a rel=\"noreferrer noopener\" href=\"https:\/\/twitter.com\/Senoticias\" target=\"_blank\">Twitter<\/a>,\u00a0<a rel=\"noreferrer noopener\" href=\"https:\/\/www.facebook.com\/senoticias1\" target=\"_blank\">Facebook<\/a>\u00a0e no\u00a0<a rel=\"noreferrer noopener\" href=\"https:\/\/www.instagram.com\/senoticias\/\" target=\"_blank\">Instagram<\/a><\/strong><\/em><\/p>\n\n\n\n<p>Fonte: <strong><a href=\"https:\/\/g1.globo.com\/sp\/sao-paulo\/noticia\/2022\/12\/29\/pele-atleta-do-seculo-morre-em-sao-paulo-aos-82-anos.ghtml\">G1 <\/a><\/strong>SP<\/p>\n","protected":false},"excerpt":{"rendered":"<p>Edson Arantes Nascimento, o Pel\u00e9, o maior jogador de futebol do mundo, morreu nesta quinta-feira (29) aos 82 anos, em S\u00e3o Paulo. Ele estava internado desde o dia 28 de novembro no Hospital Albert Einstein, na Zona Sul de S\u00e3o Paulo para reavalia\u00e7\u00e3o da quimioterapia contra o tumor de c\u00f3lon e o tratamento de uma [&hellip;]<\/p>\n","protected":false},"author":6557,"featured_media":0,"comment_status":"closed","ping_status":"closed","sticky":false,"template":"","format":"standard","meta":{"footnotes":""},"categories":[15,26],"tags":[37933,37932,406,37934,37935,37931,37930,150],"class_list":{"0":"post-135298","1":"post","2":"type-post","3":"status-publish","4":"format-standard","6":"category-destaques","7":"category-esportes","8":"tag-atleta-do-seculo","9":"tag-edson-arantes-nascimento","10":"tag-futebol","11":"tag-luto-futebol","12":"tag-luto-pele","13":"tag-morre-pele","14":"tag-pele-2","15":"tag-santos"},"_links":{"self":[{"href":"https:\/\/senoticias.com.br\/se\/wp-json\/wp\/v2\/posts\/135298"}],"collection":[{"href":"https:\/\/senoticias.com.br\/se\/wp-json\/wp\/v2\/posts"}],"about":[{"href":"https:\/\/senoticias.com.br\/se\/wp-json\/wp\/v2\/types\/post"}],"author":[{"embeddable":true,"href":"https:\/\/senoticias.com.br\/se\/wp-json\/wp\/v2\/users\/6557"}],"replies":[{"embeddable":true,"href":"https:\/\/senoticias.com.br\/se\/wp-json\/wp\/v2\/comments?post=135298"}],"version-history":[{"count":0,"href":"https:\/\/senoticias.com.br\/se\/wp-json\/wp\/v2\/posts\/135298\/revisions"}],"wp:attachment":[{"href":"https:\/\/senoticias.com.br\/se\/wp-json\/wp\/v2\/media?parent=135298"}],"wp:term":[{"taxonomy":"category","embeddable":true,"href":"https:\/\/senoticias.com.br\/se\/wp-json\/wp\/v2\/categories?post=135298"},{"taxonomy":"post_tag","embeddable":true,"href":"https:\/\/senoticias.com.br\/se\/wp-json\/wp\/v2\/tags?post=135298"}],"curies":[{"name":"wp","href":"https:\/\/api.w.org\/{rel}","templated":true}]}}