{"id":135295,"date":"2022-12-29T15:28:17","date_gmt":"2022-12-29T18:28:17","guid":{"rendered":"https:\/\/senoticias.com.br\/se\/?p=135295"},"modified":"2022-12-29T15:52:02","modified_gmt":"2022-12-29T18:52:02","slug":"governo-lula-tera-9-partidos-e-11-ministros-sem-atuacao-partidaria-nos-37-ministerios-veja-divisao","status":"publish","type":"post","link":"https:\/\/senoticias.com.br\/se\/governo-lula-tera-9-partidos-e-11-ministros-sem-atuacao-partidaria-nos-37-ministerios-veja-divisao\/","title":{"rendered":"Governo Lula ter\u00e1 9 partidos e 11 ministros sem atua\u00e7\u00e3o partid\u00e1ria nos 37 minist\u00e9rios; veja divis\u00e3o"},"content":{"rendered":"\n<p><\/p>\n\n\n\n<p>A lista de 37 futuros ministros para a Esplanada dos Minist\u00e9rios do presidente eleito, Luiz In\u00e1cio Lula da Silva (PT), contempla representantes de nove partidos. H\u00e1, ainda, 11 indicados que n\u00e3o t\u00eam filia\u00e7\u00e3o ou vincula\u00e7\u00e3o partid\u00e1ria.<\/p>\n\n\n\n<p>Os an\u00fancios foram conclu\u00eddos nesta quinta-feira (29), com a indica\u00e7\u00e3o dos 16 nomes que ainda faltavam. Os novos ministros tomam posse no pr\u00f3ximo domingo (1\u00ba) em cerim\u00f4nia no Pal\u00e1cio do Planalto, logo ap\u00f3s Lula tomar posse como presidente em ato no Congresso Nacional.<\/p>\n\n\n\n<figure class=\"wp-block-image size-large\"><img loading=\"lazy\" decoding=\"async\" width=\"600\" height=\"352\" src=\"https:\/\/senoticias.com.br\/se\/wp-content\/uploads\/2022\/12\/Ministros-de-Lula-SE-Noticias.jpeg\" alt=\"\" class=\"wp-image-135296\" srcset=\"https:\/\/senoticias.com.br\/se\/wp-content\/uploads\/2022\/12\/Ministros-de-Lula-SE-Noticias.jpeg 600w, https:\/\/senoticias.com.br\/se\/wp-content\/uploads\/2022\/12\/Ministros-de-Lula-SE-Noticias-300x176.jpeg 300w\" sizes=\"(max-width: 600px) 100vw, 600px\" \/><figcaption>O presidente eleito Luiz In\u00e1cio Lula da Silva fala \u00e0 imprensa, ao lado dos ministros do novo governo &#8211; Foto: Ricardo Stuckert<\/figcaption><\/figure>\n\n\n\n<p>Partidos nos minist\u00e9rios<\/p>\n\n\n\n<p>PT ter\u00e1 10 pastas; ao todo, nove partidos ter\u00e3o ministros<\/p>\n\n\n\n<p><strong>PT: 10 ministros<\/strong><br><strong>Fazenda: <\/strong>Fernando Haddad, ex-prefeito de S\u00e3o Paulo e ex-ministro da Educa\u00e7\u00e3o<br><strong>Casa Civil: <\/strong>Rui Costa, ex-governador da Bahia<br>Secretaria das Rela\u00e7\u00f5es Institucionais: Alexandre Padilha, deputado federal (PT-SP)<br><strong>Secretaria-Geral da Presid\u00eancia:<\/strong> M\u00e1rcio Mac\u00eado, vice-presidente do PT.<br><strong>Educa\u00e7\u00e3o:<\/strong> Camilo Santana, ex-governador do Cear\u00e1<br><strong>Mulheres: <\/strong>Cida Gon\u00e7alves, ex-vereadora e ex-secret\u00e1ria nacional de Enfrentamento \u00e0 Viol\u00eancia Contra as Mulheres.<br><strong>Desenvolvimento Social:<\/strong> Wellington Dias, ex-governador do Cear\u00e1 e senador eleito (PT-CE)<br><strong>Trabalho: <\/strong>Luiz Marinho, ex-ministro, ex-prefeito de S\u00e3o Bernardo e presidente do diret\u00f3rio estadual do PT em SP<br><strong>Desenvolvimento Agr\u00e1rio:<\/strong> Paulo Teixeira (PT-SP), deputado federal<br>Secretaria de Comunica\u00e7\u00e3o Social: Paulo Pimenta (PT-RS), deputado federal<\/p>\n\n\n\n<p><strong>MDB: 3 ministros<\/strong><br><strong>Planejamento: <\/strong>Simone Tebet (MDB-MS), senadora e candidata \u00e0 Presid\u00eancia em 2022<br><strong>Cidades:<\/strong> Jader Filho (MDB), presidente do MDB do Par\u00e1, filho do senador Jader Barbalho (MDB) e irm\u00e3o do governador do Par\u00e1, Helder Barbalho<br><strong>Transportes: <\/strong>Renan Filho (MDB-AL), senador eleito e ex-governador de Alagoas<\/p>\n\n\n\n<p><strong>PSB: 3 ministros<\/strong><br><strong>Portos e Aeroportos:<\/strong> M\u00e1rcio Fran\u00e7a, ex-governador de S\u00e3o Paulo<br><strong>Justi\u00e7a e Seguran\u00e7a P\u00fablica: <\/strong>Fl\u00e1vio Dino, ex-governador do Maranh\u00e3o<br><strong>Desenvolvimento, Ind\u00fastria e Servi\u00e7os: <\/strong>Geraldo Alckmin, vice-presidente eleito e ex-governador de S\u00e3o Paulo<\/p>\n\n\n\n<p><strong>Uni\u00e3o Brasil: 3 ministros<\/strong><br><strong>Integra\u00e7\u00e3o e Desenvolvimento Regional:<\/strong> Waldez G\u00f3es, governador do Amap\u00e1*<br><strong>Turismo:<\/strong> Daniela do Waguinho (Uni\u00e3o-RJ), deputada federal reeleita<br><strong>Comunica\u00e7\u00f5es:<\/strong> Juscelino Filho (Uni\u00e3o-MA), deputado federal<\/p>\n\n\n\n<p>Waldez G\u00f3es \u00e9 hoje filiado ao PDT mas, segundo o pr\u00f3prio presidente Lula, h\u00e1 um acordo para que ele migre para o Uni\u00e3o Brasil e ajude a coordenar a ades\u00e3o do partido \u00e0 base do governo.<\/p>\n\n\n\n<p><strong>PSD: 3 ministros<\/strong><br><strong>Agricultura:<\/strong> Carlos F\u00e1varo (PSD-MS), senador<br><strong>Pesca: <\/strong>Andr\u00e9 de Paula (PSD-PE), deputado federal<br><strong>Minas e Energia: <\/strong>Alexandre Silveira (PSD-MG), senador<\/p>\n\n\n\n<p><strong>PDT: 1 ministro<\/strong><br><strong>Previd\u00eancia Social: <\/strong>Carlos Lupi, presidente do PDT<\/p>\n\n\n\n<p><strong>PSOL: 1 ministra<\/strong><br><strong>Povos Ind\u00edgenas:<\/strong> S\u00f4nia Guajajara (PSOL-SP), deputada eleita<\/p>\n\n\n\n<p><strong>PCdoB: 1 ministra<\/strong><br><strong>Ci\u00eancia e Tecnologia:<\/strong> Luciana Santos, presidente do PCdoB e vice-governadora de Pernambuco<\/p>\n\n\n\n<p><em><strong>Acompanhe tamb\u00e9m o SE Not\u00edcias no\u00a0<a rel=\"noreferrer noopener\" href=\"https:\/\/twitter.com\/Senoticias\" target=\"_blank\">Twitter<\/a>,\u00a0<a rel=\"noreferrer noopener\" href=\"https:\/\/www.facebook.com\/senoticias1\" target=\"_blank\">Facebook<\/a>\u00a0e no\u00a0<a rel=\"noreferrer noopener\" href=\"https:\/\/www.instagram.com\/senoticias\/\" target=\"_blank\">Instagram<\/a><\/strong><\/em><\/p>\n\n\n\n<p>Fonte: <strong><a href=\"https:\/\/g1.globo.com\/politica\/noticia\/2022\/12\/29\/governo-lula-tera-nove-partidos-em-37-ministerios-veja-distribuicao-por-siglas.ghtml\"> G1<\/a><\/strong><\/p>\n","protected":false},"excerpt":{"rendered":"<p>A lista de 37 futuros ministros para a Esplanada dos Minist\u00e9rios do presidente eleito, Luiz In\u00e1cio Lula da Silva (PT), contempla representantes de nove partidos. H\u00e1, ainda, 11 indicados que n\u00e3o t\u00eam filia\u00e7\u00e3o ou vincula\u00e7\u00e3o partid\u00e1ria. Os an\u00fancios foram conclu\u00eddos nesta quinta-feira (29), com a indica\u00e7\u00e3o dos 16 nomes que ainda faltavam. Os novos ministros [&hellip;]<\/p>\n","protected":false},"author":6557,"featured_media":0,"comment_status":"closed","ping_status":"closed","sticky":false,"template":"","format":"standard","meta":{"footnotes":""},"categories":[15,6,1],"tags":[37929,90,37928],"class_list":{"0":"post-135295","1":"post","2":"type-post","3":"status-publish","4":"format-standard","6":"category-destaques","7":"category-politica","8":"category-sem-categoria","9":"tag-37-ministros","10":"tag-lula","11":"tag-ministros-de-lula"},"_links":{"self":[{"href":"https:\/\/senoticias.com.br\/se\/wp-json\/wp\/v2\/posts\/135295"}],"collection":[{"href":"https:\/\/senoticias.com.br\/se\/wp-json\/wp\/v2\/posts"}],"about":[{"href":"https:\/\/senoticias.com.br\/se\/wp-json\/wp\/v2\/types\/post"}],"author":[{"embeddable":true,"href":"https:\/\/senoticias.com.br\/se\/wp-json\/wp\/v2\/users\/6557"}],"replies":[{"embeddable":true,"href":"https:\/\/senoticias.com.br\/se\/wp-json\/wp\/v2\/comments?post=135295"}],"version-history":[{"count":0,"href":"https:\/\/senoticias.com.br\/se\/wp-json\/wp\/v2\/posts\/135295\/revisions"}],"wp:attachment":[{"href":"https:\/\/senoticias.com.br\/se\/wp-json\/wp\/v2\/media?parent=135295"}],"wp:term":[{"taxonomy":"category","embeddable":true,"href":"https:\/\/senoticias.com.br\/se\/wp-json\/wp\/v2\/categories?post=135295"},{"taxonomy":"post_tag","embeddable":true,"href":"https:\/\/senoticias.com.br\/se\/wp-json\/wp\/v2\/tags?post=135295"}],"curies":[{"name":"wp","href":"https:\/\/api.w.org\/{rel}","templated":true}]}}