{"id":135289,"date":"2022-12-29T09:43:02","date_gmt":"2022-12-29T12:43:02","guid":{"rendered":"https:\/\/senoticias.com.br\/se\/?p=135289"},"modified":"2022-12-29T09:43:13","modified_gmt":"2022-12-29T12:43:13","slug":"saiba-quem-e-a-mulher-presa-por-envolvimento-na-tentativa-de-invasao-a-sede-da-pf","status":"publish","type":"post","link":"https:\/\/senoticias.com.br\/se\/saiba-quem-e-a-mulher-presa-por-envolvimento-na-tentativa-de-invasao-a-sede-da-pf\/","title":{"rendered":"Saiba quem \u00e9 a mulher presa por envolvimento na tentativa de invas\u00e3o \u00e0 sede da PF"},"content":{"rendered":"\n<p>A Delegacia de Repress\u00e3o ao Crime Organizado (Draco) da Pol\u00edcia Civil do Distrito Federal (PCDF) prendeu, nesta quarta-feira (28\/12), uma mulher envolvida na tentativa de invas\u00e3o \u00e0 sede da Pol\u00edcia Federal (PF) e na na depreda\u00e7\u00e3o da 5\u00aa DP durante os ataques bolsonaristas no centro de Bras\u00edlia, no \u00faltimo dia 12.<\/p>\n\n\n\n<figure class=\"wp-block-image size-large\"><img loading=\"lazy\" decoding=\"async\" width=\"599\" height=\"399\" src=\"https:\/\/senoticias.com.br\/se\/wp-content\/uploads\/2022\/12\/WhatsApp-Image-2022-12-29-at-09.39.54-e1672317678970.jpeg\" alt=\"\" class=\"wp-image-135290\"\/><figcaption>A investigada, presa nesta quarta-feira (28\/12), \u00e9 a bolsonarista Klio Hirano, que estava acampada em frente ao QG do Ex\u00e9rcito em Bras\u00edlia\n<\/figcaption><\/figure>\n\n\n\n<p>Klio Hirano \u00e9 do interior de S\u00e3o Paulo e ostenta, nas redes sociais, uma s\u00e9rie de publica\u00e7\u00f5es, v\u00eddeos e fotos, no acampamento em frente ao QG do Ex\u00e9rcito, no Setor Militar Urbano (SMU). Ela publica sempre imagens de encontros com outros autodenominados \u201cpatriotas\u201d. Na foto de perfil, ela exibe uma foto ao lado do presidente da Rep\u00fablica, Jair Bolsonaro (PL).<\/p>\n\n\n\n<p>Filha de Eizi Hirano, fot\u00f3grafo conhecido no Brasil, ela participou do acampamento que durou seis meses na Avenida Paulista, em S\u00e3o Paulo, e pedia o impeachment da ent\u00e3o presidente Dilma Rousseff (PT). \u00c9 uma das embaixadoras do movimento conservador Avan\u00e7a Brasil.<\/p>\n\n\n\n<p>Em 2020, Hirano concorreu ao cargo de prefeita na cidade de Tup\u00e3, no interior de S\u00e3o Paulo, e terminou a disputa em \u00faltimo lugar com apenas 364 votos.<\/p>\n\n\n\n<p>A bolsonarista est\u00e1 acampada em Bras\u00edlia desde meados de novembro e, na noite do \u00faltimo dia 12, estava entre os bolsonaristas que tentaram invadir a sede da PF, na \u00e1rea central de Bras\u00edlia.<\/p>\n\n\n\n<p><strong>A depreda\u00e7\u00e3o<\/strong><br>Com integrantes vestidos com camiseta da Sele\u00e7\u00e3o Brasileira, o grupo danificou dezenas de carros que estavam estacionados nos arredores do pr\u00e9dio da corpora\u00e7\u00e3o. Alguns, inclusive, chegaram a ser incendiados.<\/p>\n\n\n\n<p>Um \u00f4nibus com motorista dentro foi incendiado. Por sorte, ele conseguiu descer antes de o ve\u00edculo ser totalmente consumido pelo fogo. Pelo menos cinco \u00f4nibus se tornaram alvo das chamas. O Corpo de Bombeiros Militar do DF confirmou que sete ve\u00edculos queimaram (quatro \u00f4nibus, totalmente, e um, parcialmente).<\/p>\n\n\n\n<p>Alguns bolsonaristas justificaram o ato alegando que agentes da PF \u201cprenderam injustamente um ind\u00edgena\u201d. O alvo em quest\u00e3o era o Cacique Tserere, um l\u00edder de um grupo ind\u00edgena Xavante apoiador de Bolsonaro. Bastante conhecido entre os manifestantes antidemocr\u00e1ticos que est\u00e3o h\u00e1 quase dois meses em frente ao QG do Ex\u00e9rcito pedindo interven\u00e7\u00e3o militar, ele faz os discursos mais inflamados contra o ministro do Supremo Tribunal Federal (STF) Alexandre de Moraes.<\/p>\n\n\n\n<p><em><strong>Acompanhe tamb\u00e9m o SE Not\u00edcias no&nbsp;<a rel=\"noreferrer noopener\" href=\"https:\/\/twitter.com\/Senoticias\" target=\"_blank\">Twitter<\/a>,&nbsp;<a rel=\"noreferrer noopener\" href=\"https:\/\/www.facebook.com\/senoticias1\" target=\"_blank\">Facebook<\/a>&nbsp;e no&nbsp;<a rel=\"noreferrer noopener\" href=\"https:\/\/www.instagram.com\/senoticias\/\" target=\"_blank\">Instagram<\/a><\/strong><\/em><\/p>\n\n\n\n<p>Fonte: Metr\u00f3poles<\/p>\n","protected":false},"excerpt":{"rendered":"<p>A Delegacia de Repress\u00e3o ao Crime Organizado (Draco) da Pol\u00edcia Civil do Distrito Federal (PCDF) prendeu, nesta quarta-feira (28\/12), uma mulher envolvida na tentativa de invas\u00e3o \u00e0 sede da Pol\u00edcia Federal (PF) e na na depreda\u00e7\u00e3o da 5\u00aa DP durante os ataques bolsonaristas no centro de Bras\u00edlia, no \u00faltimo dia 12. Klio Hirano \u00e9 do [&hellip;]<\/p>\n","protected":false},"author":6557,"featured_media":0,"comment_status":"closed","ping_status":"closed","sticky":false,"template":"","format":"standard","meta":{"footnotes":""},"categories":[15,7],"tags":[37922,37920,37924,37921],"class_list":{"0":"post-135289","1":"post","2":"type-post","3":"status-publish","4":"format-standard","6":"category-destaques","7":"category-policia","8":"tag-draco","9":"tag-invasao-a-sede-da-pf","10":"tag-klio-hirano","11":"tag-pcdf"},"_links":{"self":[{"href":"https:\/\/senoticias.com.br\/se\/wp-json\/wp\/v2\/posts\/135289"}],"collection":[{"href":"https:\/\/senoticias.com.br\/se\/wp-json\/wp\/v2\/posts"}],"about":[{"href":"https:\/\/senoticias.com.br\/se\/wp-json\/wp\/v2\/types\/post"}],"author":[{"embeddable":true,"href":"https:\/\/senoticias.com.br\/se\/wp-json\/wp\/v2\/users\/6557"}],"replies":[{"embeddable":true,"href":"https:\/\/senoticias.com.br\/se\/wp-json\/wp\/v2\/comments?post=135289"}],"version-history":[{"count":0,"href":"https:\/\/senoticias.com.br\/se\/wp-json\/wp\/v2\/posts\/135289\/revisions"}],"wp:attachment":[{"href":"https:\/\/senoticias.com.br\/se\/wp-json\/wp\/v2\/media?parent=135289"}],"wp:term":[{"taxonomy":"category","embeddable":true,"href":"https:\/\/senoticias.com.br\/se\/wp-json\/wp\/v2\/categories?post=135289"},{"taxonomy":"post_tag","embeddable":true,"href":"https:\/\/senoticias.com.br\/se\/wp-json\/wp\/v2\/tags?post=135289"}],"curies":[{"name":"wp","href":"https:\/\/api.w.org\/{rel}","templated":true}]}}