{"id":135287,"date":"2022-12-29T09:26:44","date_gmt":"2022-12-29T12:26:44","guid":{"rendered":"https:\/\/senoticias.com.br\/se\/?p=135287"},"modified":"2022-12-29T21:37:31","modified_gmt":"2022-12-30T00:37:31","slug":"ex-presidiario-e-perseguido-e-executado-com-dez-tiros-na-cabeca-em-aracaju","status":"publish","type":"post","link":"https:\/\/senoticias.com.br\/se\/ex-presidiario-e-perseguido-e-executado-com-dez-tiros-na-cabeca-em-aracaju\/","title":{"rendered":"Ex-presidi\u00e1rio \u00e9 perseguido e executado com dez tiros na cabe\u00e7a em Aracaju"},"content":{"rendered":"\n<p>Um ex-presidi\u00e1rio, de 29 anos, foi morto com dez tiros na cabe\u00e7a no Bairro Siqueira Campos, Zona Oeste de Aracaju, no final da tarde desta quarta-feira (28).<\/p>\n\n\n\n<figure class=\"wp-block-image size-large\"><img loading=\"lazy\" decoding=\"async\" width=\"550\" height=\"330\" src=\"https:\/\/senoticias.com.br\/se\/wp-content\/uploads\/2022\/12\/IML-SE-Noticias.jpg\" alt=\"\" class=\"wp-image-135288\" srcset=\"https:\/\/senoticias.com.br\/se\/wp-content\/uploads\/2022\/12\/IML-SE-Noticias.jpg 550w, https:\/\/senoticias.com.br\/se\/wp-content\/uploads\/2022\/12\/IML-SE-Noticias-300x180.jpg 300w\" sizes=\"(max-width: 550px) 100vw, 550px\" \/><figcaption>Corpo foi encaminhado ao IML &#8211; Foto: Supec<\/figcaption><\/figure>\n\n\n\n<p>Segundo a Pol\u00edcia Militar, a v\u00edtima estava em uma pra\u00e7a quando foi abordado por dois homens armados, que chegaram de moto e efetuaram os disparos. Ele tentou correr, mas foi alcan\u00e7ado e executado.<\/p>\n\n\n\n<p>O homem tinha sa\u00eddo recentemente do pres\u00eddio, respondia dois processos criminais e era considerado perigoso. O corpo foi recolhido pelo Instituto M\u00e9dico Legal.<\/p>\n\n\n\n<p>Informa\u00e7\u00f5es relacionadas ao caso podem ser repassadas de forma an\u00f4nima atrav\u00e9s do Disque-Den\u00fancia (181).<\/p>\n\n\n\n<p><em><strong>Acompanhe tamb\u00e9m o SE Not\u00edcias no&nbsp;<a rel=\"noreferrer noopener\" href=\"https:\/\/twitter.com\/Senoticias\" target=\"_blank\">Twitter<\/a>,&nbsp;<a rel=\"noreferrer noopener\" href=\"https:\/\/www.facebook.com\/senoticias1\" target=\"_blank\">Facebook<\/a>&nbsp;e no&nbsp;<a rel=\"noreferrer noopener\" href=\"https:\/\/www.instagram.com\/senoticias\/\" target=\"_blank\">Instagram<\/a><\/strong><\/em><\/p>\n\n\n\n<p>Fonte: A8SE.com.br<\/p>\n","protected":false},"excerpt":{"rendered":"<p>Um ex-presidi\u00e1rio, de 29 anos, foi morto com dez tiros na cabe\u00e7a no Bairro Siqueira Campos, Zona Oeste de Aracaju, no final da tarde desta quarta-feira (28). Segundo a Pol\u00edcia Militar, a v\u00edtima estava em uma pra\u00e7a quando foi abordado por dois homens armados, que chegaram de moto e efetuaram os disparos. Ele tentou correr, [&hellip;]<\/p>\n","protected":false},"author":6557,"featured_media":0,"comment_status":"closed","ping_status":"closed","sticky":false,"template":"","format":"standard","meta":{"footnotes":""},"categories":[15,7],"tags":[37919,2577,5331],"class_list":{"0":"post-135287","1":"post","2":"type-post","3":"status-publish","4":"format-standard","6":"category-destaques","7":"category-policia","8":"tag-ex-presidiario-2","9":"tag-iml","10":"tag-siqueira-campos"},"_links":{"self":[{"href":"https:\/\/senoticias.com.br\/se\/wp-json\/wp\/v2\/posts\/135287"}],"collection":[{"href":"https:\/\/senoticias.com.br\/se\/wp-json\/wp\/v2\/posts"}],"about":[{"href":"https:\/\/senoticias.com.br\/se\/wp-json\/wp\/v2\/types\/post"}],"author":[{"embeddable":true,"href":"https:\/\/senoticias.com.br\/se\/wp-json\/wp\/v2\/users\/6557"}],"replies":[{"embeddable":true,"href":"https:\/\/senoticias.com.br\/se\/wp-json\/wp\/v2\/comments?post=135287"}],"version-history":[{"count":0,"href":"https:\/\/senoticias.com.br\/se\/wp-json\/wp\/v2\/posts\/135287\/revisions"}],"wp:attachment":[{"href":"https:\/\/senoticias.com.br\/se\/wp-json\/wp\/v2\/media?parent=135287"}],"wp:term":[{"taxonomy":"category","embeddable":true,"href":"https:\/\/senoticias.com.br\/se\/wp-json\/wp\/v2\/categories?post=135287"},{"taxonomy":"post_tag","embeddable":true,"href":"https:\/\/senoticias.com.br\/se\/wp-json\/wp\/v2\/tags?post=135287"}],"curies":[{"name":"wp","href":"https:\/\/api.w.org\/{rel}","templated":true}]}}