{"id":135237,"date":"2022-12-26T15:22:09","date_gmt":"2022-12-26T18:22:09","guid":{"rendered":"https:\/\/senoticias.com.br\/se\/?p=135237"},"modified":"2022-12-26T15:22:15","modified_gmt":"2022-12-26T18:22:15","slug":"tribunal-de-justica-e-o-primeiro-orgao-de-sergipe-a-negociar-revisao-salarial-para-2023","status":"publish","type":"post","link":"https:\/\/senoticias.com.br\/se\/tribunal-de-justica-e-o-primeiro-orgao-de-sergipe-a-negociar-revisao-salarial-para-2023\/","title":{"rendered":"Tribunal de Justi\u00e7a \u00e9 o primeiro \u00f3rg\u00e3o de Sergipe a negociar revis\u00e3o salarial para 2023"},"content":{"rendered":"\n<p>Ap\u00f3s intensa negocia\u00e7\u00e3o com os representantes do Sindicato dos Trabalhadores do Poder Judici\u00e1rio (Sindijus), o presidente do Tribunal de Justi\u00e7a de Sergipe (TJSE), desembargador Edson Ulisses, anunciou o percentual de revis\u00e3o salarial que dever\u00e1 ser aplicado na data-base da categoria, em janeiro de 2023. Ser\u00e1 aplicada uma corre\u00e7\u00e3o de 6% no vencimento base dos cerca de 3 mil servidores, da ativa, apontados, efetivos e comissionados.<\/p>\n\n\n\n<figure class=\"wp-block-image size-large\"><img loading=\"lazy\" decoding=\"async\" width=\"588\" height=\"381\" src=\"https:\/\/senoticias.com.br\/se\/wp-content\/uploads\/2022\/12\/Tribunal-de-Justica-SE-Noticias.jpg\" alt=\"\" class=\"wp-image-135238\" srcset=\"https:\/\/senoticias.com.br\/se\/wp-content\/uploads\/2022\/12\/Tribunal-de-Justica-SE-Noticias.jpg 588w, https:\/\/senoticias.com.br\/se\/wp-content\/uploads\/2022\/12\/Tribunal-de-Justica-SE-Noticias-300x194.jpg 300w, https:\/\/senoticias.com.br\/se\/wp-content\/uploads\/2022\/12\/Tribunal-de-Justica-SE-Noticias-190x122.jpg 190w\" sizes=\"(max-width: 588px) 100vw, 588px\" \/><figcaption>Sindijus, agora, busca apoio dos desembargadores, no Pleno do TJSE, para aprova\u00e7\u00e3o da proposta e envio da mesma \u00e0 Assembleia Legislativa &#8211; Foto: ascom\/divulga\u00e7\u00e3o<\/figcaption><\/figure>\n\n\n\n<p>O percentual ser\u00e1 estendido aos aux\u00edlios alimenta\u00e7\u00e3o, sa\u00fade e educa\u00e7\u00e3o infantil, bem como a outros direitos a exemplo da gratifica\u00e7\u00e3o especial de atividade e indeniza\u00e7\u00e3o de transporte. A categoria aprovou a proposta em Assembleia Geral, neste m\u00eas de dezembro. Agora, o projeto de lei que assegura a revis\u00e3o dever\u00e1 ser avaliado pelos desembargadores em uma sess\u00e3o do Pleno do TJ, prevista para os dias 11 ou 25 de janeiro.<\/p>\n\n\n\n<p>Sinal para outros \u00f3rg\u00e3os<\/p>\n\n\n\n<p>O posicionamento da Presid\u00eancia do Tribunal de Justi\u00e7a \u00e9 um exemplo importante para gestores e gestoras dos mais diversos \u00f3rg\u00e3os dos poderes Executivo e Legislativo, do Estado e dos Munic\u00edpios em Sergipe. Pois confirma a obrigatoriedade do cumprimento da revis\u00e3o inflacion\u00e1ria na remunera\u00e7\u00e3o de todos os servidores p\u00fablicos, estabelecida na Constitui\u00e7\u00e3o Federal.<\/p>\n\n\n\n<p>O coordenador geral do Sindijus, Jones Ribeiro, destacou a import\u00e2ncia do acompanhamento que a entidade sindical faz do fluxo das finan\u00e7as do Tribunal. \u201cA gente acompanha, permanentemente, a evolu\u00e7\u00e3o das receitas e despesas, os repasses do duod\u00e9cimo e as movimenta\u00e7\u00f5es da gest\u00e3o no sentido de suplementar o or\u00e7amento. As expectativas com o crescimento Fundo Especial de Recursos e de Despesas do TJ (FERD), respons\u00e1vel pela arrecada\u00e7\u00e3o das taxas e custas judiciais, s\u00e3o favor\u00e1veis para atender algumas das nossas demandas. Este ano, por exemplo, j\u00e1 sab\u00edamos que a arrecada\u00e7\u00e3o do fundo ultrapassaria os R$ 100 milh\u00f5es\u201d, explicou.<\/p>\n\n\n\n<p>Outra defini\u00e7\u00e3o que a Assembleia dos servidores do TJ confirmou \u00e9 que, apesar da categoria aceitar a proposta de 6%, a negocia\u00e7\u00e3o dever\u00e1 ser mantida para avan\u00e7ar em outras pautas e nas d\u00edvidas de anos anteriores. A t\u00edtulo de perdas inflacion\u00e1rias, por exemplo, os servidores cobram a revis\u00e3o de 6,61%, referente as perdas dos anos 2020 e 2021.<\/p>\n\n\n\n<p><em><strong>Acompanhe tamb\u00e9m o SE Not\u00edcias no\u00a0<a rel=\"noreferrer noopener\" href=\"https:\/\/twitter.com\/Senoticias\" target=\"_blank\">Twitter<\/a>,\u00a0<a rel=\"noreferrer noopener\" href=\"https:\/\/www.facebook.com\/senoticias1\" target=\"_blank\">Facebook<\/a>\u00a0e no\u00a0<a rel=\"noreferrer noopener\" href=\"https:\/\/www.instagram.com\/senoticias\/\" target=\"_blank\">Instagram<\/a><\/strong><\/em><\/p>\n\n\n\n<p>Por ascom\/Sindijus<\/p>\n","protected":false},"excerpt":{"rendered":"<p>Ap\u00f3s intensa negocia\u00e7\u00e3o com os representantes do Sindicato dos Trabalhadores do Poder Judici\u00e1rio (Sindijus), o presidente do Tribunal de Justi\u00e7a de Sergipe (TJSE), desembargador Edson Ulisses, anunciou o percentual de revis\u00e3o salarial que dever\u00e1 ser aplicado na data-base da categoria, em janeiro de 2023. Ser\u00e1 aplicada uma corre\u00e7\u00e3o de 6% no vencimento base dos cerca [&hellip;]<\/p>\n","protected":false},"author":6557,"featured_media":0,"comment_status":"closed","ping_status":"closed","sticky":false,"template":"","format":"standard","meta":{"footnotes":""},"categories":[15,6],"tags":[37900,36745,4007],"class_list":{"0":"post-135237","1":"post","2":"type-post","3":"status-publish","4":"format-standard","6":"category-destaques","7":"category-politica","8":"tag-revisao-salarial-para-2023","9":"tag-sindijus","10":"tag-tribunal-de-justica"},"_links":{"self":[{"href":"https:\/\/senoticias.com.br\/se\/wp-json\/wp\/v2\/posts\/135237"}],"collection":[{"href":"https:\/\/senoticias.com.br\/se\/wp-json\/wp\/v2\/posts"}],"about":[{"href":"https:\/\/senoticias.com.br\/se\/wp-json\/wp\/v2\/types\/post"}],"author":[{"embeddable":true,"href":"https:\/\/senoticias.com.br\/se\/wp-json\/wp\/v2\/users\/6557"}],"replies":[{"embeddable":true,"href":"https:\/\/senoticias.com.br\/se\/wp-json\/wp\/v2\/comments?post=135237"}],"version-history":[{"count":0,"href":"https:\/\/senoticias.com.br\/se\/wp-json\/wp\/v2\/posts\/135237\/revisions"}],"wp:attachment":[{"href":"https:\/\/senoticias.com.br\/se\/wp-json\/wp\/v2\/media?parent=135237"}],"wp:term":[{"taxonomy":"category","embeddable":true,"href":"https:\/\/senoticias.com.br\/se\/wp-json\/wp\/v2\/categories?post=135237"},{"taxonomy":"post_tag","embeddable":true,"href":"https:\/\/senoticias.com.br\/se\/wp-json\/wp\/v2\/tags?post=135237"}],"curies":[{"name":"wp","href":"https:\/\/api.w.org\/{rel}","templated":true}]}}