{"id":135190,"date":"2022-12-22T09:39:58","date_gmt":"2022-12-22T12:39:58","guid":{"rendered":"https:\/\/senoticias.com.br\/se\/?p=135190"},"modified":"2022-12-22T09:40:05","modified_gmt":"2022-12-22T12:40:05","slug":"acidente-deixa-tres-vitimas-feridas-e-uma-morta-na-br-101-em-sergipe","status":"publish","type":"post","link":"https:\/\/senoticias.com.br\/se\/acidente-deixa-tres-vitimas-feridas-e-uma-morta-na-br-101-em-sergipe\/","title":{"rendered":"Acidente deixa tr\u00eas v\u00edtimas feridas e uma morta na BR-101 em Sergipe"},"content":{"rendered":"\n<p>Uma pessoas morreu e tr\u00eas ficaram feridas ap\u00f3s sofrerem acidente de tr\u00e2nsito na BR-101, em Cristin\u00e1polis, nas primeiras horas da manh\u00e3 desta quinta-feira (22).<\/p>\n\n\n\n<figure class=\"wp-block-image size-large\"><img loading=\"lazy\" decoding=\"async\" width=\"1024\" height=\"462\" src=\"https:\/\/senoticias.com.br\/se\/wp-content\/uploads\/2022\/12\/prf-senoticias-1024x462.jpg\" alt=\"\" class=\"wp-image-135191\"\/><figcaption>\nA v\u00edtima era passageira de um dos ve\u00edculos envolvidos na colis\u00e3o.\nFoto: PRF\/SE<\/figcaption><\/figure>\n\n\n\n<p>Segundo a Pol\u00edcia Rodovi\u00e1ria Federal, a caminhonete das v\u00edtimas colidiu na traseira de uma carreta. Devido ao impacto, a passageira ao lado do motorista n\u00e3o resistiu aos ferimentos.<\/p>\n\n\n\n<p>As outras v\u00edtimas foram socorridos e encaminhados ao hospital. N\u00e3o houve interdi\u00e7\u00e3o na pista.<\/p>\n\n\n\n<p><em><strong>Acompanhe tamb\u00e9m o SE Not\u00edcias no&nbsp;<a rel=\"noreferrer noopener\" href=\"https:\/\/twitter.com\/Senoticias\" target=\"_blank\">Twitter<\/a>,&nbsp;<a rel=\"noreferrer noopener\" href=\"https:\/\/www.facebook.com\/senoticias1\" target=\"_blank\">Facebook<\/a>&nbsp;e no&nbsp;<a rel=\"noreferrer noopener\" href=\"https:\/\/www.instagram.com\/senoticias\/\" target=\"_blank\">Instagram<\/a><\/strong><\/em><\/p>\n\n\n\n<p>Fonte: A8 SE<\/p>\n","protected":false},"excerpt":{"rendered":"<p>Uma pessoas morreu e tr\u00eas ficaram feridas ap\u00f3s sofrerem acidente de tr\u00e2nsito na BR-101, em Cristin\u00e1polis, nas primeiras horas da manh\u00e3 desta quinta-feira (22). Segundo a Pol\u00edcia Rodovi\u00e1ria Federal, a caminhonete das v\u00edtimas colidiu na traseira de uma carreta. Devido ao impacto, a passageira ao lado do motorista n\u00e3o resistiu aos ferimentos. As outras v\u00edtimas [&hellip;]<\/p>\n","protected":false},"author":6557,"featured_media":0,"comment_status":"closed","ping_status":"closed","sticky":false,"template":"","format":"standard","meta":{"footnotes":""},"categories":[15,7],"tags":[37874,37875,77],"class_list":{"0":"post-135190","1":"post","2":"type-post","3":"status-publish","4":"format-standard","6":"category-destaques","7":"category-policia","8":"tag-br-101-2","9":"tag-cristianopolis-2","10":"tag-prf"},"_links":{"self":[{"href":"https:\/\/senoticias.com.br\/se\/wp-json\/wp\/v2\/posts\/135190"}],"collection":[{"href":"https:\/\/senoticias.com.br\/se\/wp-json\/wp\/v2\/posts"}],"about":[{"href":"https:\/\/senoticias.com.br\/se\/wp-json\/wp\/v2\/types\/post"}],"author":[{"embeddable":true,"href":"https:\/\/senoticias.com.br\/se\/wp-json\/wp\/v2\/users\/6557"}],"replies":[{"embeddable":true,"href":"https:\/\/senoticias.com.br\/se\/wp-json\/wp\/v2\/comments?post=135190"}],"version-history":[{"count":0,"href":"https:\/\/senoticias.com.br\/se\/wp-json\/wp\/v2\/posts\/135190\/revisions"}],"wp:attachment":[{"href":"https:\/\/senoticias.com.br\/se\/wp-json\/wp\/v2\/media?parent=135190"}],"wp:term":[{"taxonomy":"category","embeddable":true,"href":"https:\/\/senoticias.com.br\/se\/wp-json\/wp\/v2\/categories?post=135190"},{"taxonomy":"post_tag","embeddable":true,"href":"https:\/\/senoticias.com.br\/se\/wp-json\/wp\/v2\/tags?post=135190"}],"curies":[{"name":"wp","href":"https:\/\/api.w.org\/{rel}","templated":true}]}}