{"id":135187,"date":"2022-12-22T06:01:31","date_gmt":"2022-12-22T09:01:31","guid":{"rendered":"https:\/\/senoticias.com.br\/se\/?p=135187"},"modified":"2022-12-22T06:05:34","modified_gmt":"2022-12-22T09:05:34","slug":"caso-genivaldo-stj-mantem-prisao-de-policial-rodoviario","status":"publish","type":"post","link":"https:\/\/senoticias.com.br\/se\/caso-genivaldo-stj-mantem-prisao-de-policial-rodoviario\/","title":{"rendered":"Caso Genivaldo: STJ mant\u00e9m pris\u00e3o de policial rodovi\u00e1rio"},"content":{"rendered":"\n<p><\/p>\n\n\n\n<p>O Superior Tribunal de Justi\u00e7a negou o pedido de habeas corpus para o policial rodovi\u00e1rio federal Paulo Rodolpho Lima Nascimento, acusado de matar Genivaldo de Jesus Santos no porta-malas de uma viatura da PRF com bombas de g\u00e1s lacrimog\u00eaneo e spray de pimenta. O crime aconteceu em maio passado no interior Sergipe.<\/p>\n\n\n\n<figure class=\"wp-block-image size-large\"><img loading=\"lazy\" decoding=\"async\" width=\"401\" height=\"401\" src=\"https:\/\/senoticias.com.br\/se\/wp-content\/uploads\/2022\/12\/Camara-de-gas-SE-Noticias.jpg\" alt=\"\" class=\"wp-image-135189\" srcset=\"https:\/\/senoticias.com.br\/se\/wp-content\/uploads\/2022\/12\/Camara-de-gas-SE-Noticias.jpg 401w, https:\/\/senoticias.com.br\/se\/wp-content\/uploads\/2022\/12\/Camara-de-gas-SE-Noticias-300x300.jpg 300w, https:\/\/senoticias.com.br\/se\/wp-content\/uploads\/2022\/12\/Camara-de-gas-SE-Noticias-150x150.jpg 150w\" sizes=\"(max-width: 401px) 100vw, 401px\" \/><figcaption>Caso ficou conhecido como \u201ca c\u00e2mara de g\u00e1s improvisada\u201d. <\/figcaption><\/figure>\n\n\n\n<p>Na \u00e9poca, a a\u00e7\u00e3o foi registrada por testemunhas, e os v\u00eddeos viralizaram nas redes sociais. Genivaldo foi abordado por estar sem capacete e foi algemado pelos policiais, enquanto pilotava uma motocicleta na BR-101, na cidade de Umba\u00faba. Ap\u00f3s o crime, a fam\u00edlia informou que ele sofria de transtornos mentais e j\u00e1 havia sido diagnosticado com esquizofrenia. Genivaldo deixou a esposa e um filho.<\/p>\n\n\n\n<p>A decis\u00e3o pela manuten\u00e7\u00e3o da pris\u00e3o foi proferida pelo ministro Rog\u00e9rio Schietti Cruz, do STJ: \u201cEm raz\u00e3o da gravidade do crime e das indicadas circunst\u00e2ncias do fato, as medidas cautelares alternativas \u00e0 pris\u00e3o n\u00e3o se mostram adequadas e suficientes para evitar a pr\u00e1tica de novas infra\u00e7\u00f5es penais\u201d, justificou o magistrado.<\/p>\n\n\n\n<p><strong>Todos presos<\/strong><\/p>\n\n\n\n<p>Al\u00e9m de Paulo Rodolpho, os policiais William de Barros Noia e Kleber Nascimento Freitas tamb\u00e9m foram denunciados pelo Minist\u00e9rio P\u00fablico Federal. Os tr\u00eas agentes que conduziram a abordagem truculenta foram denunciados pelos crimes de tortura, abuso de autoridade e homic\u00eddio qualificado e est\u00e3o presos.<\/p>\n\n\n\n<p>O ministro destacou tr\u00eas fatos indicativos da gravidade da conduta dos policiais: eles foram avisados por populares de que Genivaldo tinha problemas mentais; a v\u00edtima n\u00e3o demonstrou nenhuma resist\u00eancia durante a abordagem; e o uso de for\u00e7a e de equipamentos como a granada de g\u00e1s e o spray de pimenta teria contrariado as normas do Minist\u00e9rio da Justi\u00e7a e as instru\u00e7\u00f5es t\u00e9cnicas.<\/p>\n\n\n\n<p><em><strong>Acompanhe tamb\u00e9m o SE Not\u00edcias no\u00a0<a rel=\"noreferrer noopener\" href=\"https:\/\/twitter.com\/Senoticias\" target=\"_blank\">Twitter<\/a>,\u00a0<a rel=\"noreferrer noopener\" href=\"https:\/\/www.facebook.com\/senoticias1\" target=\"_blank\">Facebook<\/a>\u00a0e no\u00a0<a rel=\"noreferrer noopener\" href=\"https:\/\/www.instagram.com\/senoticias\/\" target=\"_blank\">Instagram<\/a><\/strong><\/em><\/p>\n\n\n\n<p>Fonte: R7<\/p>\n","protected":false},"excerpt":{"rendered":"<p>O Superior Tribunal de Justi\u00e7a negou o pedido de habeas corpus para o policial rodovi\u00e1rio federal Paulo Rodolpho Lima Nascimento, acusado de matar Genivaldo de Jesus Santos no porta-malas de uma viatura da PRF com bombas de g\u00e1s lacrimog\u00eaneo e spray de pimenta. O crime aconteceu em maio passado no interior Sergipe. Na \u00e9poca, a [&hellip;]<\/p>\n","protected":false},"author":6557,"featured_media":0,"comment_status":"closed","ping_status":"closed","sticky":false,"template":"","format":"standard","meta":{"footnotes":""},"categories":[15,7,1],"tags":[37872,37873,3505,8167],"class_list":{"0":"post-135187","1":"post","2":"type-post","3":"status-publish","4":"format-standard","6":"category-destaques","7":"category-policia","8":"category-sem-categoria","9":"tag-caso-genivaldo","10":"tag-policial-rodoviario","11":"tag-stj","12":"tag-superior-tribunal-de-justica"},"_links":{"self":[{"href":"https:\/\/senoticias.com.br\/se\/wp-json\/wp\/v2\/posts\/135187"}],"collection":[{"href":"https:\/\/senoticias.com.br\/se\/wp-json\/wp\/v2\/posts"}],"about":[{"href":"https:\/\/senoticias.com.br\/se\/wp-json\/wp\/v2\/types\/post"}],"author":[{"embeddable":true,"href":"https:\/\/senoticias.com.br\/se\/wp-json\/wp\/v2\/users\/6557"}],"replies":[{"embeddable":true,"href":"https:\/\/senoticias.com.br\/se\/wp-json\/wp\/v2\/comments?post=135187"}],"version-history":[{"count":0,"href":"https:\/\/senoticias.com.br\/se\/wp-json\/wp\/v2\/posts\/135187\/revisions"}],"wp:attachment":[{"href":"https:\/\/senoticias.com.br\/se\/wp-json\/wp\/v2\/media?parent=135187"}],"wp:term":[{"taxonomy":"category","embeddable":true,"href":"https:\/\/senoticias.com.br\/se\/wp-json\/wp\/v2\/categories?post=135187"},{"taxonomy":"post_tag","embeddable":true,"href":"https:\/\/senoticias.com.br\/se\/wp-json\/wp\/v2\/tags?post=135187"}],"curies":[{"name":"wp","href":"https:\/\/api.w.org\/{rel}","templated":true}]}}