{"id":135185,"date":"2022-12-21T16:49:45","date_gmt":"2022-12-21T19:49:45","guid":{"rendered":"https:\/\/senoticias.com.br\/se\/?p=135185"},"modified":"2022-12-21T16:54:46","modified_gmt":"2022-12-21T19:54:46","slug":"camara-aprova-salario-de-r-46-mil-para-ministros-do-supremo-tribunal-federal","status":"publish","type":"post","link":"https:\/\/senoticias.com.br\/se\/camara-aprova-salario-de-r-46-mil-para-ministros-do-supremo-tribunal-federal\/","title":{"rendered":"C\u00e2mara aprova sal\u00e1rio de R$ 46 mil para ministros do Supremo Tribunal Federal"},"content":{"rendered":"\n<p><\/p>\n\n\n\n<p>A C\u00e2mara dos Deputados aprovou, nesta ter\u00e7a-feira (21), o projeto de lei que concede um reajuste de cerca de 18% no sal\u00e1rio dos ministros do Supremo Tribunal Federal (STF). Com o texto, a remunera\u00e7\u00e3o passaria de cerca de R$ 39,2 mil para R$ 46,3 mil.<\/p>\n\n\n\n<figure class=\"wp-block-image size-large\"><img loading=\"lazy\" decoding=\"async\" width=\"580\" height=\"388\" src=\"https:\/\/senoticias.com.br\/se\/wp-content\/uploads\/2015\/12\/predio_stf_-_valter_campanto_-_agencia_brasil_1.jpg\" alt=\"\" class=\"wp-image-87031\" srcset=\"https:\/\/senoticias.com.br\/se\/wp-content\/uploads\/2015\/12\/predio_stf_-_valter_campanto_-_agencia_brasil_1.jpg 580w, https:\/\/senoticias.com.br\/se\/wp-content\/uploads\/2015\/12\/predio_stf_-_valter_campanto_-_agencia_brasil_1-300x200.jpg 300w, https:\/\/senoticias.com.br\/se\/wp-content\/uploads\/2015\/12\/predio_stf_-_valter_campanto_-_agencia_brasil_1-342x228.jpg 342w\" sizes=\"(max-width: 580px) 100vw, 580px\" \/><figcaption> Est\u00e1tua da Justi\u00e7a na sede do STF em Bras\u00edlia &#8211; Foto: Valter Campanato\/Ag\u00eancia Brasil<\/figcaption><\/figure>\n\n\n\n<p>Esse \u00e9 apenas mais um dos v\u00e1rios projetos de reajuste salarial do servi\u00e7o p\u00fablico que deputados e senadores t\u00eam aprovado no apagar das luzes desta legislatura. J\u00e1 foram aprovados, por exemplo, reajustes a servidores do Tribunal de Contas da Uni\u00e3o, da C\u00e2mara, do Senado, al\u00e9m do presidente, vice-presidente e ministros de Estado.<\/p>\n\n\n\n<p>Ao todo, as propostas em an\u00e1lise no Congresso desde a tarde de ter\u00e7a-feira (20) t\u00eam impacto fiscal estimado pelos pr\u00f3prios \u00f3rg\u00e3os de mais de R$ 3 bilh\u00f5es nos pr\u00f3ximos anos.<\/p>\n\n\n\n<p>O impacto de ministros do STF deve causar, ainda, um impacto fiscal em cascata, j\u00e1 que a remunera\u00e7\u00e3o serve como um teto do servi\u00e7o p\u00fablico \u2013ou seja, nenhum servidor recebe mais que a remunera\u00e7\u00e3o de um ministro do Supremo.<\/p>\n\n\n\n<p>Com o aumento, outras categorias que j\u00e1 t\u00eam as remunera\u00e7\u00f5es limitadas pelo teto tamb\u00e9m ter\u00e3o aumentos, na pr\u00e1tica. Por exemplo: atualmente, um servidor p\u00fablico cuja soma do sal\u00e1rio-base e o adicional por fun\u00e7\u00e3o ultrapassa o teto tem um desconto em sua folha salarial para limitar a remunera\u00e7\u00e3o. Caso o reajuste salarial dos ministros do STF seja aprovado, mesmo que os sal\u00e1rios dos demais servidores n\u00e3o sofram reajuste, alguns ter\u00e3o, na pr\u00e1tica, um pagamento maior, j\u00e1 que os descontos poder\u00e3o ser reduzidos.<\/p>\n\n\n\n<p>A vota\u00e7\u00e3o foi simb\u00f3lica \u2013assim como a dos demais projetos de reajuste, em uma forma de evitar desgaste dos congressistas na reta final dos trabalhos. O texto aprovado pela C\u00e2mara segue agora para a an\u00e1lise do Senado.<\/p>\n\n\n\n<p>O reajuste do Supremo Tribunal Federal foi encaminhado ao Congresso neste ano ap\u00f3s press\u00e3o de servidores do pr\u00f3prio Judici\u00e1rio, que cobravam um aumento para repor perdas provocadas pela infla\u00e7\u00e3o dos \u00faltimos anos.<\/p>\n\n\n\n<p><em><strong>Acompanhe tamb\u00e9m o SE Not\u00edcias no\u00a0<a rel=\"noreferrer noopener\" href=\"https:\/\/twitter.com\/Senoticias\" target=\"_blank\">Twitter<\/a>,\u00a0<a rel=\"noreferrer noopener\" href=\"https:\/\/www.facebook.com\/senoticias1\" target=\"_blank\">Facebook<\/a>\u00a0e no\u00a0<a rel=\"noreferrer noopener\" href=\"https:\/\/www.instagram.com\/senoticias\/\" target=\"_blank\">Instagram<\/a><\/strong><\/em><\/p>\n\n\n\n<p>Por Gabriel Hirabahasida <a href=\"https:\/\/www.cnnbrasil.com.br\/politica\/camara-aprova-salario-de-r-46-mil-para-ministros-do-stf\/\">CNN<\/a>, em Bras\u00edlia<\/p>\n","protected":false},"excerpt":{"rendered":"<p>A C\u00e2mara dos Deputados aprovou, nesta ter\u00e7a-feira (21), o projeto de lei que concede um reajuste de cerca de 18% no sal\u00e1rio dos ministros do Supremo Tribunal Federal (STF). Com o texto, a remunera\u00e7\u00e3o passaria de cerca de R$ 39,2 mil para R$ 46,3 mil. Esse \u00e9 apenas mais um dos v\u00e1rios projetos de reajuste [&hellip;]<\/p>\n","protected":false},"author":6557,"featured_media":0,"comment_status":"closed","ping_status":"closed","sticky":false,"template":"","format":"standard","meta":{"footnotes":""},"categories":[15,2961,1],"tags":[3444,37871,5785],"class_list":{"0":"post-135185","1":"post","2":"type-post","3":"status-publish","4":"format-standard","6":"category-destaques","7":"category-nacional","8":"category-sem-categoria","9":"tag-camara","10":"tag-estatua-da-justica","11":"tag-supremo-tribunal-federal"},"_links":{"self":[{"href":"https:\/\/senoticias.com.br\/se\/wp-json\/wp\/v2\/posts\/135185"}],"collection":[{"href":"https:\/\/senoticias.com.br\/se\/wp-json\/wp\/v2\/posts"}],"about":[{"href":"https:\/\/senoticias.com.br\/se\/wp-json\/wp\/v2\/types\/post"}],"author":[{"embeddable":true,"href":"https:\/\/senoticias.com.br\/se\/wp-json\/wp\/v2\/users\/6557"}],"replies":[{"embeddable":true,"href":"https:\/\/senoticias.com.br\/se\/wp-json\/wp\/v2\/comments?post=135185"}],"version-history":[{"count":0,"href":"https:\/\/senoticias.com.br\/se\/wp-json\/wp\/v2\/posts\/135185\/revisions"}],"wp:attachment":[{"href":"https:\/\/senoticias.com.br\/se\/wp-json\/wp\/v2\/media?parent=135185"}],"wp:term":[{"taxonomy":"category","embeddable":true,"href":"https:\/\/senoticias.com.br\/se\/wp-json\/wp\/v2\/categories?post=135185"},{"taxonomy":"post_tag","embeddable":true,"href":"https:\/\/senoticias.com.br\/se\/wp-json\/wp\/v2\/tags?post=135185"}],"curies":[{"name":"wp","href":"https:\/\/api.w.org\/{rel}","templated":true}]}}