{"id":135127,"date":"2022-12-17T12:34:08","date_gmt":"2022-12-17T15:34:08","guid":{"rendered":"https:\/\/senoticias.com.br\/se\/?p=135127"},"modified":"2022-12-17T12:38:49","modified_gmt":"2022-12-17T15:38:49","slug":"motociclista-morre-ao-colidir-com-arvore-em-aracaju","status":"publish","type":"post","link":"https:\/\/senoticias.com.br\/se\/motociclista-morre-ao-colidir-com-arvore-em-aracaju\/","title":{"rendered":"Motociclista morre ao colidir com \u00e1rvore em Aracaju"},"content":{"rendered":"\n<p>Um rapaz de 22 anos morreu, neste s\u00e1bado (17), ao colidir a motocicleta Honda\/CG 160 em que viajava com uma \u00e1rvore na Avenida Augusto Franco, zona sul de Aracaju. Segundo policiais da Companhia de Pol\u00edcia de Tr\u00e2nsito (CPTrean), a v\u00edtima tentou acessar a <strong>rua Poeta Jos\u00e9 Sampaio<\/strong>, mas perdeu o controle e<strong> chocou-se de frente com uma \u00e1rvore do canteiro central, morrendo no local.<\/strong><\/p>\n\n\n\n<figure class=\"wp-block-image size-large\"><img loading=\"lazy\" decoding=\"async\" width=\"583\" height=\"270\" src=\"https:\/\/senoticias.com.br\/se\/wp-content\/uploads\/2022\/12\/Motociclista-morre-SE-Noticias.jpg\" alt=\"\" class=\"wp-image-135128\" srcset=\"https:\/\/senoticias.com.br\/se\/wp-content\/uploads\/2022\/12\/Motociclista-morre-SE-Noticias.jpg 583w, https:\/\/senoticias.com.br\/se\/wp-content\/uploads\/2022\/12\/Motociclista-morre-SE-Noticias-300x139.jpg 300w\" sizes=\"(max-width: 583px) 100vw, 583px\" \/><figcaption>O acidente foi registrado por volta 6h deste s\u00e1bado &#8211; Foto: CPTran<\/figcaption><\/figure>\n\n\n\n<p>O SAMU foi chamado, mas ao chegar no local do acidente nada pode fazer para salvar o motociclista. Os profissionais do Servi\u00e7o de Atendimento M\u00f3vel de Urg\u00eancia ainda tentaram reanim\u00e1-lo, por\u00e9m ele foi a \u00f3bito, tendo o corpo sido levado para o Instituto M\u00e9dico Legal, em Nossa Senhora do Socorro.<\/p>\n\n\n\n<p>Esta \u00e9 a segunda morte no tr\u00e2nsito ocorrida em Aracaju de sexta-feira (16) pra c\u00e1. A primeira aconteceu na madrugada de ontem, quando um motorista perdeu o controle do ve\u00edculo e colidiu com um poste da rede el\u00e9trica. Diante do choque violento, a v\u00edtima morreu na hora, tendo o corpo sido recolhido pela Pol\u00edcia e levado para o IML.<\/p>\n\n\n\n<p><em><strong>Acompanhe tamb\u00e9m o SE Not\u00edcias no\u00a0<a rel=\"noreferrer noopener\" href=\"https:\/\/twitter.com\/Senoticias\" target=\"_blank\">Twitter<\/a>,\u00a0<a rel=\"noreferrer noopener\" href=\"https:\/\/www.facebook.com\/senoticias1\" target=\"_blank\">Facebook<\/a>\u00a0e no\u00a0<a rel=\"noreferrer noopener\" href=\"https:\/\/www.instagram.com\/senoticias\/\" target=\"_blank\">Instagram<\/a><\/strong><\/em><\/p>\n\n\n\n<p>Fonte: Destaque Not\u00edcias, com informa\u00e7\u00f5es da CPTran<\/p>\n","protected":false},"excerpt":{"rendered":"<p>Um rapaz de 22 anos morreu, neste s\u00e1bado (17), ao colidir a motocicleta Honda\/CG 160 em que viajava com uma \u00e1rvore na Avenida Augusto Franco, zona sul de Aracaju. Segundo policiais da Companhia de Pol\u00edcia de Tr\u00e2nsito (CPTrean), a v\u00edtima tentou acessar a rua Poeta Jos\u00e9 Sampaio, mas perdeu o controle e chocou-se de frente [&hellip;]<\/p>\n","protected":false},"author":6557,"featured_media":0,"comment_status":"closed","ping_status":"closed","sticky":false,"template":"","format":"standard","meta":{"footnotes":""},"categories":[15,7],"tags":[631,12626,4479,2979,11226],"class_list":{"0":"post-135127","1":"post","2":"type-post","3":"status-publish","4":"format-standard","6":"category-destaques","7":"category-policia","8":"tag-cptran","9":"tag-motociclista-morre","10":"tag-samu","11":"tag-smtt","12":"tag-violencia-no-transito"},"_links":{"self":[{"href":"https:\/\/senoticias.com.br\/se\/wp-json\/wp\/v2\/posts\/135127"}],"collection":[{"href":"https:\/\/senoticias.com.br\/se\/wp-json\/wp\/v2\/posts"}],"about":[{"href":"https:\/\/senoticias.com.br\/se\/wp-json\/wp\/v2\/types\/post"}],"author":[{"embeddable":true,"href":"https:\/\/senoticias.com.br\/se\/wp-json\/wp\/v2\/users\/6557"}],"replies":[{"embeddable":true,"href":"https:\/\/senoticias.com.br\/se\/wp-json\/wp\/v2\/comments?post=135127"}],"version-history":[{"count":0,"href":"https:\/\/senoticias.com.br\/se\/wp-json\/wp\/v2\/posts\/135127\/revisions"}],"wp:attachment":[{"href":"https:\/\/senoticias.com.br\/se\/wp-json\/wp\/v2\/media?parent=135127"}],"wp:term":[{"taxonomy":"category","embeddable":true,"href":"https:\/\/senoticias.com.br\/se\/wp-json\/wp\/v2\/categories?post=135127"},{"taxonomy":"post_tag","embeddable":true,"href":"https:\/\/senoticias.com.br\/se\/wp-json\/wp\/v2\/tags?post=135127"}],"curies":[{"name":"wp","href":"https:\/\/api.w.org\/{rel}","templated":true}]}}