{"id":135124,"date":"2022-12-16T18:45:23","date_gmt":"2022-12-16T21:45:23","guid":{"rendered":"https:\/\/senoticias.com.br\/se\/?p=135124"},"modified":"2022-12-16T18:57:21","modified_gmt":"2022-12-16T21:57:21","slug":"tre-realiza-diplomacao-das-eleitas-e-eleitos-nas-eleicoes-de-2022-em-sergipe","status":"publish","type":"post","link":"https:\/\/senoticias.com.br\/se\/tre-realiza-diplomacao-das-eleitas-e-eleitos-nas-eleicoes-de-2022-em-sergipe\/","title":{"rendered":"Diploma\u00e7\u00e3o dos eleitos em Sergipe acontece na pr\u00f3xima segunda-feira, 19"},"content":{"rendered":"\n<p><\/p>\n\n\n\n<p>O Tribunal Regional Eleitoral de Sergipe (TRE-SE) diploma em sess\u00e3o solene, que ser\u00e1 realizada na segunda-feira (19) as eleitas e eleitos em 2022.<\/p>\n\n\n\n<p><strong>Ser\u00e3o diplomadas e diplomados o governador eleito e o vice-governador, 1 senador, 8 deputados federais e 24 deputados estaduais. Haver\u00e1, tamb\u00e9m, a diploma\u00e7\u00e3o do 1\u00ba e 2\u00ba suplente dos cargos de senador, deputado federal e deputado estadual.<\/strong><\/p>\n\n\n\n<figure class=\"wp-block-image size-large\"><img loading=\"lazy\" decoding=\"async\" width=\"585\" height=\"394\" src=\"https:\/\/senoticias.com.br\/se\/wp-content\/uploads\/2022\/12\/TRE-SE-Noticias.jpg\" alt=\"\" class=\"wp-image-135126\" srcset=\"https:\/\/senoticias.com.br\/se\/wp-content\/uploads\/2022\/12\/TRE-SE-Noticias.jpg 585w, https:\/\/senoticias.com.br\/se\/wp-content\/uploads\/2022\/12\/TRE-SE-Noticias-300x202.jpg 300w, https:\/\/senoticias.com.br\/se\/wp-content\/uploads\/2022\/12\/TRE-SE-Noticias-90x60.jpg 90w, https:\/\/senoticias.com.br\/se\/wp-content\/uploads\/2022\/12\/TRE-SE-Noticias-180x120.jpg 180w, https:\/\/senoticias.com.br\/se\/wp-content\/uploads\/2022\/12\/TRE-SE-Noticias-95x64.jpg 95w\" sizes=\"(max-width: 585px) 100vw, 585px\" \/><figcaption>O diploma expedido pela Justi\u00e7a Eleitoral habilita as eleitas e os eleitos a tomarem posse do cargo &#8211; Foto: arquivo\/TRE<\/figcaption><\/figure>\n\n\n\n<p>O evento ser\u00e1 realizado no Teatro Tobias Barreto, em Aracaju, <strong>no dia 19 de dezembro de 2022, com in\u00edcio \u00e0s 17h<\/strong>. Estar\u00e3o presentes familiares e convidadas(os) das(os) diplomandas(os), bem como autoridades dos tr\u00eas Poderes do Estado. A cerim\u00f4nia ser\u00e1 aberta ao p\u00fablico, respeitando-se a capacidade m\u00e1xima de assentos do local.<\/p>\n\n\n\n<p>O diploma expedido pela Justi\u00e7a Eleitoral habilita as eleitas e os eleitos a tomarem posse do cargo. Constam no Diploma o nome da(o) diplomada(o), o cargo para o qual foi eleita(o), o n\u00famero de votos recebidos, o partido\/federa\u00e7\u00e3o\/coliga\u00e7\u00e3o pelo qual concorreu, c\u00f3digo validador, bem como a data do pleito. O documento \u00e9 chancelado pelo presidente do TRE-SE, desembargador Roberto Eug\u00eanio da Fonseca Porto, e pela vice-presidente e corregedora, desembargadora Elvira Maria de Almeida Silva, conferindo ao documento a autenticidade.<\/p>\n\n\n\n<p><em><strong>Acompanhe tamb\u00e9m o SE Not\u00edcias no\u00a0<a rel=\"noreferrer noopener\" href=\"https:\/\/twitter.com\/Senoticias\" target=\"_blank\">Twitter<\/a>,\u00a0<a rel=\"noreferrer noopener\" href=\"https:\/\/www.facebook.com\/senoticias1\" target=\"_blank\">Facebook<\/a>\u00a0e no\u00a0<a rel=\"noreferrer noopener\" href=\"https:\/\/www.instagram.com\/senoticias\/\" target=\"_blank\">Instagram<\/a><\/strong><\/em><\/p>\n\n\n\n<p>Fonte: TRE-SE<\/p>\n","protected":false},"excerpt":{"rendered":"<p>O Tribunal Regional Eleitoral de Sergipe (TRE-SE) diploma em sess\u00e3o solene, que ser\u00e1 realizada na segunda-feira (19) as eleitas e eleitos em 2022. Ser\u00e3o diplomadas e diplomados o governador eleito e o vice-governador, 1 senador, 8 deputados federais e 24 deputados estaduais. Haver\u00e1, tamb\u00e9m, a diploma\u00e7\u00e3o do 1\u00ba e 2\u00ba suplente dos cargos de senador, [&hellip;]<\/p>\n","protected":false},"author":6557,"featured_media":0,"comment_status":"closed","ping_status":"closed","sticky":false,"template":"","format":"standard","meta":{"footnotes":""},"categories":[15,6,1],"tags":[11068,10350,37834],"class_list":{"0":"post-135124","1":"post","2":"type-post","3":"status-publish","4":"format-standard","6":"category-destaques","7":"category-politica","8":"category-sem-categoria","9":"tag-diplomacao","10":"tag-justica-eleitoral","11":"tag-tre-realiza-diplomacao"},"_links":{"self":[{"href":"https:\/\/senoticias.com.br\/se\/wp-json\/wp\/v2\/posts\/135124"}],"collection":[{"href":"https:\/\/senoticias.com.br\/se\/wp-json\/wp\/v2\/posts"}],"about":[{"href":"https:\/\/senoticias.com.br\/se\/wp-json\/wp\/v2\/types\/post"}],"author":[{"embeddable":true,"href":"https:\/\/senoticias.com.br\/se\/wp-json\/wp\/v2\/users\/6557"}],"replies":[{"embeddable":true,"href":"https:\/\/senoticias.com.br\/se\/wp-json\/wp\/v2\/comments?post=135124"}],"version-history":[{"count":0,"href":"https:\/\/senoticias.com.br\/se\/wp-json\/wp\/v2\/posts\/135124\/revisions"}],"wp:attachment":[{"href":"https:\/\/senoticias.com.br\/se\/wp-json\/wp\/v2\/media?parent=135124"}],"wp:term":[{"taxonomy":"category","embeddable":true,"href":"https:\/\/senoticias.com.br\/se\/wp-json\/wp\/v2\/categories?post=135124"},{"taxonomy":"post_tag","embeddable":true,"href":"https:\/\/senoticias.com.br\/se\/wp-json\/wp\/v2\/tags?post=135124"}],"curies":[{"name":"wp","href":"https:\/\/api.w.org\/{rel}","templated":true}]}}