{"id":135122,"date":"2022-12-16T15:11:56","date_gmt":"2022-12-16T18:11:56","guid":{"rendered":"https:\/\/senoticias.com.br\/se\/?p=135122"},"modified":"2022-12-16T18:19:34","modified_gmt":"2022-12-16T21:19:34","slug":"shoppings-jardins-e-riomar-aracaju-ampliam-o-horario-de-funcionamento-a-partir-desta-sexta-feira","status":"publish","type":"post","link":"https:\/\/senoticias.com.br\/se\/shoppings-jardins-e-riomar-aracaju-ampliam-o-horario-de-funcionamento-a-partir-desta-sexta-feira\/","title":{"rendered":"Shoppings Jardins e RioMar Aracaju ampliam o hor\u00e1rio de funcionamento a partir desta sexta-feira"},"content":{"rendered":"\n<p>Proporcionando mais comodidade aos consumidores, os shoppings Jardins e RioMar Aracaju ampliam o hor\u00e1rio de funcionamento neste final de ano e, a partir desta sexta-feira, 16 de dezembro, fecham uma hora mais tarde, de segunda a s\u00e1bado. No domingo, 18 de dezembro, funcionam das 12h \u00e0s 21h.<\/p>\n\n\n\n<figure class=\"wp-block-image size-large\"><img loading=\"lazy\" decoding=\"async\" width=\"1024\" height=\"312\" src=\"https:\/\/senoticias.com.br\/se\/wp-content\/uploads\/2022\/12\/WhatsApp-Image-2022-12-16-at-14.21.06-1024x312.jpeg\" alt=\"\" class=\"wp-image-135123\"\/><figcaption>\nAt\u00e9 23 de dezembro, os empreendimentos fecham uma hora mais tarde, \u00e0s 23h, de segunda a s\u00e1bado, e operam das 12h \u00e0s 21h no domingo &#8211; Foto: Lotti Caldas\n<\/figcaption><\/figure>\n\n\n\n<p>Confira os novos hor\u00e1rios dos shoppings Jardins e RioMar Aracaju para este per\u00edodo de festas e confraterniza\u00e7\u00f5es:<\/p>\n\n\n\n<p><strong>16 e 17\/12 (sexta-feira e s\u00e1bado)<\/strong><\/p>\n\n\n\n<p><strong>Grandes lojas \u2013 9h \u00e0s 23h;<\/strong><br>Lojas, quiosques, pra\u00e7as de alimenta\u00e7\u00e3o e opera\u00e7\u00f5es de lazer \u2013 10h \u00e0s 23h;<br>Restaurantes Senzai, Tio Arm\u00eanio, Camarada Camar\u00e3o, Madero e Ferreiro Grill \u2013 a partir das 11h30;<br>Supermercados, cl\u00ednicas, academias e cinemas \u2013 conforme programa\u00e7\u00e3o de suas respectivas redes.<\/p>\n\n\n\n<p><strong>18\/12 (domingo)<\/strong><\/p>\n\n\n\n<p>Todas as lojas, pra\u00e7as de alimenta\u00e7\u00e3o e opera\u00e7\u00f5es de lazer \u2013 12h \u00e0s 21h;<br>Restaurantes Senzai, Tio Arm\u00eanio, Camarada Camar\u00e3o, Madero e Ferreiro Grill \u2013 a partir das 12h;<br>Supermercados, cl\u00ednicas, academias e cinemas \u2013 conforme programa\u00e7\u00e3o de suas respectivas redes.<\/p>\n\n\n\n<p><strong>19 a 23\/12 (segunda a sexta-feira)<\/strong><\/p>\n\n\n\n<p>Grandes lojas \u2013 9h \u00e0s 23h;<br>Lojas, quiosques, pra\u00e7as de alimenta\u00e7\u00e3o e opera\u00e7\u00f5es de lazer \u2013 10h \u00e0s 23h;<br>Restaurantes Senzai, Tio Arm\u00eanio, Camarada Camar\u00e3o, Madero e Ferreiro Grill \u2013 a partir das 11h30;<br>Supermercados, cl\u00ednicas, academias e cinemas \u2013 conforme programa\u00e7\u00e3o de suas respectivas redes.<\/p>\n\n\n\n<p><strong>24\/12 (s\u00e1bado, v\u00e9spera do Natal)<\/strong><\/p>\n\n\n\n<p>Todas as lojas, pra\u00e7as de alimenta\u00e7\u00e3o e opera\u00e7\u00f5es de lazer \u2013 9h \u00e0s 18h;<br>Restaurantes Senzai, Tio Arm\u00eanio, Camarada Camar\u00e3o, Madero e Ferreiro Grill \u201311h30 \u00e0s 18h;<br>Academias \u2013 8h \u00e0s 14h;<br>Supermercados, cl\u00ednicas e cinemas \u2013 conforme programa\u00e7\u00e3o de suas respectivas redes.<\/p>\n\n\n\n<p><strong>25\/12 (domingo, Natal)<\/strong><\/p>\n\n\n\n<p><strong>RioMar Aracaju<\/strong><br>Pra\u00e7as de alimenta\u00e7\u00e3o e opera\u00e7\u00f5es de lazer \u2013 12h \u00e0s 21h;<br>Demais lojas, quiosques e academias \u2013 fechados;<br>Supermercado e cinema \u2013 conforme programa\u00e7\u00e3o de suas respectivas redes.<\/p>\n\n\n\n<p><strong>Shopping Jardins<\/strong><br>Lojas, quiosques, pra\u00e7as de alimenta\u00e7\u00e3o e opera\u00e7\u00f5es de lazer \u2013 fechados.<\/p>\n\n\n\n<p><strong>26 a 30\/12 (segunda a sexta-feira)<\/strong><\/p>\n\n\n\n<p>Grandes lojas \u2013 9h \u00e0s 22h;<br>Lojas, quiosques, pra\u00e7as de alimenta\u00e7\u00e3o e opera\u00e7\u00f5es de lazer \u2013 10h \u00e0s 22h;<br>Restaurantes Senzai, Tio Arm\u00eanio, Camarada Camar\u00e3o, Madero e Ferreiro Grill \u2013 a partir das 11h30;<br>Supermercados, cl\u00ednicas, academias e cinemas \u2013 conforme programa\u00e7\u00e3o de suas respectivas redes.<\/p>\n\n\n\n<p><strong>31\/12 (s\u00e1bado, v\u00e9spera do R\u00e9veillon)<\/strong><\/p>\n\n\n\n<p>Todas as lojas, pra\u00e7as de alimenta\u00e7\u00e3o e opera\u00e7\u00f5es de lazer \u2013 9h \u00e0s 18h;<br>Restaurantes Senzai, Tio Arm\u00eanio, Camarada Camar\u00e3o, Madero e Ferreiro Grill \u201311h30 \u00e0s 18h;<br>Supermercados, cl\u00ednicas, academias e cinemas \u2013 conforme programa\u00e7\u00e3o de suas respectivas redes.<\/p>\n\n\n\n<p><strong>1\u00ba\/01 (domingo)<\/strong><\/p>\n\n\n\n<p><strong>Shopping Jardins<\/strong><br>Pra\u00e7as de alimenta\u00e7\u00e3o e opera\u00e7\u00f5es de lazer \u2013 12h \u00e0s 21h;<br>Demais lojas e quiosques \u2013 fechados;<br>Supermercado, cl\u00ednica e cinema \u2013 conforme programa\u00e7\u00e3o de suas respectivas redes.<\/p>\n\n\n\n<p><strong>RioMar Shopping<\/strong><br>Lojas, quiosques, pra\u00e7as de alimenta\u00e7\u00e3o e opera\u00e7\u00f5es de lazer \u2013 fechados.<\/p>\n\n\n\n<p><strong>Atendimento online<\/strong><\/p>\n\n\n\n<p>As plataformas digitais Shopping Jardins Online e RioMar Aracaju Online operam de acordo com os hor\u00e1rios das lojas f\u00edsicas, atendendo a todos os bairros de Aracaju e algumas regi\u00f5es de Nossa Senhora do Socorro, S\u00e3o Crist\u00f3v\u00e3o e Barra dos Coqueiros. Juntos, os canais de compras re\u00fanem cerca de 30 mil itens de diversos segmentos, como moda, gastronomia, cal\u00e7ados, acess\u00f3rios, tecnologia, literatura, beleza e autocuidado, e \u00f3timas sugest\u00f5es para agraciar as pessoas queridas neste final de ano.<\/p>\n\n\n\n<p>O frete \u00e9 gr\u00e1tis na primeira compra ou nos pedidos acima de R$100. E ativando a fun\u00e7\u00e3o \u2018presente\u2019, os itens s\u00e3o entregues no endere\u00e7o desejado sem identifica\u00e7\u00e3o do valor e com mensagem afetuosa.<\/p>\n\n\n\n<p><em><strong>Acompanhe tamb\u00e9m o SE Not\u00edcias no&nbsp;<a rel=\"noreferrer noopener\" href=\"https:\/\/twitter.com\/Senoticias\" target=\"_blank\">Twitter<\/a>,&nbsp;<a rel=\"noreferrer noopener\" href=\"https:\/\/www.facebook.com\/senoticias1\" target=\"_blank\">Facebook<\/a>&nbsp;e no&nbsp;<a rel=\"noreferrer noopener\" href=\"https:\/\/www.instagram.com\/senoticias\/\" target=\"_blank\">Instagram<\/a><\/strong><\/em><\/p>\n\n\n\n<p>Fonte: Assessoria de imprensa \/ Lotti+Caldas Comunica\u00e7\u00e3o<\/p>\n","protected":false},"excerpt":{"rendered":"<p>Proporcionando mais comodidade aos consumidores, os shoppings Jardins e RioMar Aracaju ampliam o hor\u00e1rio de funcionamento neste final de ano e, a partir desta sexta-feira, 16 de dezembro, fecham uma hora mais tarde, de segunda a s\u00e1bado. No domingo, 18 de dezembro, funcionam das 12h \u00e0s 21h. Confira os novos hor\u00e1rios dos shoppings Jardins e [&hellip;]<\/p>\n","protected":false},"author":6557,"featured_media":0,"comment_status":"closed","ping_status":"closed","sticky":false,"template":"","format":"standard","meta":{"footnotes":""},"categories":[15,21],"tags":[6953,4939,6696],"class_list":{"0":"post-135122","1":"post","2":"type-post","3":"status-publish","4":"format-standard","6":"category-destaques","7":"category-entretenimento","8":"tag-fim-de-ano","9":"tag-shopping-jardins","10":"tag-shopping-riomar"},"_links":{"self":[{"href":"https:\/\/senoticias.com.br\/se\/wp-json\/wp\/v2\/posts\/135122"}],"collection":[{"href":"https:\/\/senoticias.com.br\/se\/wp-json\/wp\/v2\/posts"}],"about":[{"href":"https:\/\/senoticias.com.br\/se\/wp-json\/wp\/v2\/types\/post"}],"author":[{"embeddable":true,"href":"https:\/\/senoticias.com.br\/se\/wp-json\/wp\/v2\/users\/6557"}],"replies":[{"embeddable":true,"href":"https:\/\/senoticias.com.br\/se\/wp-json\/wp\/v2\/comments?post=135122"}],"version-history":[{"count":0,"href":"https:\/\/senoticias.com.br\/se\/wp-json\/wp\/v2\/posts\/135122\/revisions"}],"wp:attachment":[{"href":"https:\/\/senoticias.com.br\/se\/wp-json\/wp\/v2\/media?parent=135122"}],"wp:term":[{"taxonomy":"category","embeddable":true,"href":"https:\/\/senoticias.com.br\/se\/wp-json\/wp\/v2\/categories?post=135122"},{"taxonomy":"post_tag","embeddable":true,"href":"https:\/\/senoticias.com.br\/se\/wp-json\/wp\/v2\/tags?post=135122"}],"curies":[{"name":"wp","href":"https:\/\/api.w.org\/{rel}","templated":true}]}}