{"id":135119,"date":"2022-12-16T13:33:29","date_gmt":"2022-12-16T16:33:29","guid":{"rendered":"https:\/\/senoticias.com.br\/se\/?p=135119"},"modified":"2022-12-16T13:33:35","modified_gmt":"2022-12-16T16:33:35","slug":"policia-civil-resgata-cachorro-vitima-de-maus-tratos-na-grande-aracaju","status":"publish","type":"post","link":"https:\/\/senoticias.com.br\/se\/policia-civil-resgata-cachorro-vitima-de-maus-tratos-na-grande-aracaju\/","title":{"rendered":"Pol\u00edcia Civil resgata cachorro v\u00edtima de maus-tratos na Grande Aracaju"},"content":{"rendered":"\n<p>Policiais civis da 7\u00aa Delegacia Metropolitana (7\u00aa DM) e da Delegacia Especial de Prote\u00e7\u00e3o ao Animal e ao Meio Ambiente (Depama) resgataram um cachorro em condi\u00e7\u00e3o de maus-tratos na Grande Aracaju. A informa\u00e7\u00e3o foi divulgada nesta sexta-feira (16).<\/p>\n\n\n\n<figure class=\"wp-block-image size-large\"><img loading=\"lazy\" decoding=\"async\" width=\"1024\" height=\"641\" src=\"https:\/\/senoticias.com.br\/se\/wp-content\/uploads\/2022\/12\/policia-civil-senoticias-1024x641.jpg\" alt=\"\" class=\"wp-image-135120\"\/><figcaption>Animal est\u00e1 desnutrido e com sarna\n<\/figcaption><\/figure>\n\n\n\n<p>De acordo com o delegado Hugo Leonardo, o cachorro, que \u00e9 de grande porte, foi resgatado sem intercorr\u00eancias. O animal n\u00e3o demonstrou agressividade com os policiais.<\/p>\n\n\n\n<p>&#8220;Segundo o veterin\u00e1rio, o cachorro tem escoria\u00e7\u00f5es pelo corpo, est\u00e1 com sarna e bastante desnutrido. \u00c9 um rotweiller que est\u00e1 muito magro para o porte da ra\u00e7a do cachorro&#8221;, informou o delegado.<\/p>\n\n\n\n<p>A Pol\u00edcia Civil solicita que informa\u00e7\u00f5es sobre crimes de maus-tratos contra os animais sejam repassadas ao Disque-Den\u00fancia no telefone 181, ou diretamente com a Depama &#8211; (79) 3251-1975 \/ WhatsApp (79) 98819-4576.<\/p>\n\n\n\n<p><em><strong>Acompanhe tamb\u00e9m o SE Not\u00edcias no\u00a0<a rel=\"noreferrer noopener\" href=\"https:\/\/twitter.com\/Senoticias\" target=\"_blank\">Twitter<\/a>,\u00a0<a rel=\"noreferrer noopener\" href=\"https:\/\/www.facebook.com\/senoticias1\" target=\"_blank\">Facebook<\/a>\u00a0e no\u00a0<a rel=\"noreferrer noopener\" href=\"https:\/\/www.instagram.com\/senoticias\/\" target=\"_blank\">Instagram<\/a><\/strong><\/em><\/p>\n\n\n\n<p>Fonte: SSP SE<\/p>\n","protected":false},"excerpt":{"rendered":"<p>Policiais civis da 7\u00aa Delegacia Metropolitana (7\u00aa DM) e da Delegacia Especial de Prote\u00e7\u00e3o ao Animal e ao Meio Ambiente (Depama) resgataram um cachorro em condi\u00e7\u00e3o de maus-tratos na Grande Aracaju. A informa\u00e7\u00e3o foi divulgada nesta sexta-feira (16). De acordo com o delegado Hugo Leonardo, o cachorro, que \u00e9 de grande porte, foi resgatado sem [&hellip;]<\/p>\n","protected":false},"author":6557,"featured_media":0,"comment_status":"closed","ping_status":"closed","sticky":false,"template":"","format":"standard","meta":{"footnotes":""},"categories":[15,7],"tags":[34337,15570,78],"class_list":{"0":"post-135119","1":"post","2":"type-post","3":"status-publish","4":"format-standard","6":"category-destaques","7":"category-policia","8":"tag-depama","9":"tag-maus-tratos-aos-animais","10":"tag-policia-civil"},"_links":{"self":[{"href":"https:\/\/senoticias.com.br\/se\/wp-json\/wp\/v2\/posts\/135119"}],"collection":[{"href":"https:\/\/senoticias.com.br\/se\/wp-json\/wp\/v2\/posts"}],"about":[{"href":"https:\/\/senoticias.com.br\/se\/wp-json\/wp\/v2\/types\/post"}],"author":[{"embeddable":true,"href":"https:\/\/senoticias.com.br\/se\/wp-json\/wp\/v2\/users\/6557"}],"replies":[{"embeddable":true,"href":"https:\/\/senoticias.com.br\/se\/wp-json\/wp\/v2\/comments?post=135119"}],"version-history":[{"count":0,"href":"https:\/\/senoticias.com.br\/se\/wp-json\/wp\/v2\/posts\/135119\/revisions"}],"wp:attachment":[{"href":"https:\/\/senoticias.com.br\/se\/wp-json\/wp\/v2\/media?parent=135119"}],"wp:term":[{"taxonomy":"category","embeddable":true,"href":"https:\/\/senoticias.com.br\/se\/wp-json\/wp\/v2\/categories?post=135119"},{"taxonomy":"post_tag","embeddable":true,"href":"https:\/\/senoticias.com.br\/se\/wp-json\/wp\/v2\/tags?post=135119"}],"curies":[{"name":"wp","href":"https:\/\/api.w.org\/{rel}","templated":true}]}}