{"id":135094,"date":"2022-12-15T09:32:13","date_gmt":"2022-12-15T12:32:13","guid":{"rendered":"https:\/\/senoticias.com.br\/se\/?p=135094"},"modified":"2022-12-15T09:35:12","modified_gmt":"2022-12-15T12:35:12","slug":"policia-federal-faz-operacao-contra-suspeitos-de-organizar-atos-antidemocraticos","status":"publish","type":"post","link":"https:\/\/senoticias.com.br\/se\/policia-federal-faz-operacao-contra-suspeitos-de-organizar-atos-antidemocraticos\/","title":{"rendered":"Pol\u00edcia Federal faz opera\u00e7\u00e3o contra suspeitos de organizar atos antidemocr\u00e1ticos"},"content":{"rendered":"\n<p><\/p>\n\n\n\n<p>A Pol\u00edcia Federal cumpre nesta quinta-feira (15\/12) a maior opera\u00e7\u00e3o de busca e apreens\u00e3o contra suspeitos de organizar atos antidemocr\u00e1ticos no pa\u00eds. A a\u00e7\u00e3o foi autorizada pelo Ministro Alexandre de Moraes, do Supremo Tribunal Federal (STF). At\u00e9 a publica\u00e7\u00e3o da mat\u00e9ria, os nomes dos alvos estavam sob sigilo. Os atos de vandalismo foram realizados, supostamente, por apoiadores do presidente Jair Bolsonaro (PL).<\/p>\n\n\n\n<figure class=\"wp-block-image size-large\"><img loading=\"lazy\" decoding=\"async\" width=\"590\" height=\"393\" src=\"https:\/\/senoticias.com.br\/se\/wp-content\/uploads\/2022\/12\/Atos-antedemocraticos-SE-noticias.jpg\" alt=\"\" class=\"wp-image-135095\" srcset=\"https:\/\/senoticias.com.br\/se\/wp-content\/uploads\/2022\/12\/Atos-antedemocraticos-SE-noticias.jpg 590w, https:\/\/senoticias.com.br\/se\/wp-content\/uploads\/2022\/12\/Atos-antedemocraticos-SE-noticias-300x200.jpg 300w, https:\/\/senoticias.com.br\/se\/wp-content\/uploads\/2022\/12\/Atos-antedemocraticos-SE-noticias-90x60.jpg 90w, https:\/\/senoticias.com.br\/se\/wp-content\/uploads\/2022\/12\/Atos-antedemocraticos-SE-noticias-180x120.jpg 180w, https:\/\/senoticias.com.br\/se\/wp-content\/uploads\/2022\/12\/Atos-antedemocraticos-SE-noticias-95x64.jpg 95w\" sizes=\"(max-width: 590px) 100vw, 590px\" \/><figcaption>A opera\u00e7\u00e3o \u00e9 realizada em sete estados e no Distrito Federal &#8211; Foto: Ed Alves\/CB\/D.A Press<\/figcaption><\/figure>\n\n\n\n<p>O ministro Alexandre de Moraes autorizou mais de 80 mandados de pris\u00e3o, busca e apreens\u00e3o relacionados \u00e0 investiga\u00e7\u00e3o sobre atos antidemocr\u00e1ticos contra o resultado das elei\u00e7\u00f5es. Al\u00e9m dos mandados, tamb\u00e9m foram autorizados bloqueio de contas e quebra do sigilo banc\u00e1rio dos investigados.<\/p>\n\n\n\n<p>A opera\u00e7\u00e3o \u00e9 realizada em sete estados (Acre, Amazonas, Esp\u00edrito Santo, Mato Grosso, Mato Grosso do Sul, Paran\u00e1 e Santa Catarina) e no Distrito Federal.<\/p>\n\n\n\n<p>Em 17 de novembro, Moraes determinou o bloqueio de bens de 43 empresas e pessoas suspeitas de financiar os atos antidemocr\u00e1ticos. A maioria delas \u00e9 de Mato Grosso. Ainda n\u00e3o se sabe se os alvos da decis\u00e3o est\u00e3o entre os alvos da opera\u00e7\u00e3o desta quinta-feira (15).<\/p>\n\n\n\n<p><strong>Confira a nota da PF sobre a opera\u00e7\u00e3o:<\/strong><br><br>&#8220;Bras\u00edlia\/DF \u2013 A Pol\u00edcia Federal cumpre, nesta quinta-feira (15\/12), <strong>81 mandados de busca e apreens\u00e3o<\/strong>, expedidos pelo Supremo Tribunal Federal, em apura\u00e7\u00e3o que tramita na Corte acerca dos bloqueios de rodovias ap\u00f3s a proclama\u00e7\u00e3o do resultado das Elei\u00e7\u00f5es Gerais de 2022.<\/p>\n\n\n\n<p>As medidas est\u00e3o sendo cumpridas nos estados do Acre, Amazonas, Rond\u00f4nia, Mato Grosso, Mato Grosso do Sul, Paran\u00e1, Santa Catarina e no Distrito Federal, em face de pessoas f\u00edsicas e jur\u00eddicas identificadas pelas for\u00e7as federais e locais de Seguran\u00e7a P\u00fablica.&#8221;<\/p>\n\n\n\n<p><em><strong>Acompanhe tamb\u00e9m o SE Not\u00edcias no\u00a0<a rel=\"noreferrer noopener\" href=\"https:\/\/twitter.com\/Senoticias\" target=\"_blank\">Twitter<\/a>,\u00a0<a rel=\"noreferrer noopener\" href=\"https:\/\/www.facebook.com\/senoticias1\" target=\"_blank\">Facebook<\/a>\u00a0e no\u00a0<a rel=\"noreferrer noopener\" href=\"https:\/\/www.instagram.com\/senoticias\/\" target=\"_blank\">Instagram<\/a><\/strong><\/em><\/p>\n\n\n\n<p>por J\u00e9ssica Andrade, do <strong><a href=\"https:\/\/www.correiobraziliense.com.br\/politica\/2022\/12\/5059212-pf-faz-operacao-contra-suspeitos-de-organizar-atos-antidemocraticos.html\">Correio Braziliense<\/a><\/strong><\/p>\n","protected":false},"excerpt":{"rendered":"<p>A Pol\u00edcia Federal cumpre nesta quinta-feira (15\/12) a maior opera\u00e7\u00e3o de busca e apreens\u00e3o contra suspeitos de organizar atos antidemocr\u00e1ticos no pa\u00eds. A a\u00e7\u00e3o foi autorizada pelo Ministro Alexandre de Moraes, do Supremo Tribunal Federal (STF). At\u00e9 a publica\u00e7\u00e3o da mat\u00e9ria, os nomes dos alvos estavam sob sigilo. Os atos de vandalismo foram realizados, supostamente, [&hellip;]<\/p>\n","protected":false},"author":6557,"featured_media":0,"comment_status":"closed","ping_status":"closed","sticky":false,"template":"","format":"standard","meta":{"footnotes":""},"categories":[15,2961,1],"tags":[15564,37825,5086,1947],"class_list":{"0":"post-135094","1":"post","2":"type-post","3":"status-publish","4":"format-standard","6":"category-destaques","7":"category-nacional","8":"category-sem-categoria","9":"tag-atos-antidemocraticos","10":"tag-atos-de-vandalismo","11":"tag-busca-e-apreensao","12":"tag-policia-federal"},"_links":{"self":[{"href":"https:\/\/senoticias.com.br\/se\/wp-json\/wp\/v2\/posts\/135094"}],"collection":[{"href":"https:\/\/senoticias.com.br\/se\/wp-json\/wp\/v2\/posts"}],"about":[{"href":"https:\/\/senoticias.com.br\/se\/wp-json\/wp\/v2\/types\/post"}],"author":[{"embeddable":true,"href":"https:\/\/senoticias.com.br\/se\/wp-json\/wp\/v2\/users\/6557"}],"replies":[{"embeddable":true,"href":"https:\/\/senoticias.com.br\/se\/wp-json\/wp\/v2\/comments?post=135094"}],"version-history":[{"count":0,"href":"https:\/\/senoticias.com.br\/se\/wp-json\/wp\/v2\/posts\/135094\/revisions"}],"wp:attachment":[{"href":"https:\/\/senoticias.com.br\/se\/wp-json\/wp\/v2\/media?parent=135094"}],"wp:term":[{"taxonomy":"category","embeddable":true,"href":"https:\/\/senoticias.com.br\/se\/wp-json\/wp\/v2\/categories?post=135094"},{"taxonomy":"post_tag","embeddable":true,"href":"https:\/\/senoticias.com.br\/se\/wp-json\/wp\/v2\/tags?post=135094"}],"curies":[{"name":"wp","href":"https:\/\/api.w.org\/{rel}","templated":true}]}}