{"id":135051,"date":"2022-12-12T14:03:07","date_gmt":"2022-12-12T17:03:07","guid":{"rendered":"https:\/\/senoticias.com.br\/se\/?p=135051"},"modified":"2022-12-12T14:03:13","modified_gmt":"2022-12-12T17:03:13","slug":"rodoviaria-velha-comeca-a-funcionar-nesta-segunda-feira","status":"publish","type":"post","link":"https:\/\/senoticias.com.br\/se\/rodoviaria-velha-comeca-a-funcionar-nesta-segunda-feira\/","title":{"rendered":"Rodovi\u00e1ria Velha come\u00e7a a funcionar nesta segunda-feira"},"content":{"rendered":"\n<p>Inaugurado no \u00faltimo dia 29, o Terminal Rodovi\u00e1rio Luiz Garcia, conhecido como Rodovi\u00e1ria Velha, come\u00e7a a funcionar normalmente nesta segunda-feira (12). Em m\u00e9dia, a rodovi\u00e1ria movimenta 120 mil passageiros em 70 mil viagens, todos os meses. S\u00e3o 300 ve\u00edculos que partem todos os dias do terminal. Al\u00e9m dos passageiros, aguardavam pela entrega da obra os 120 profissionais que atuam no espa\u00e7o, sendo 42 destes trabalhadores direto.<\/p>\n\n\n\n<figure class=\"wp-block-image size-large\"><img loading=\"lazy\" decoding=\"async\" width=\"597\" height=\"398\" src=\"https:\/\/senoticias.com.br\/se\/wp-content\/uploads\/2022\/12\/WhatsApp-Image-2022-12-12-at-11.55.40.jpeg\" alt=\"\" class=\"wp-image-135053\" srcset=\"https:\/\/senoticias.com.br\/se\/wp-content\/uploads\/2022\/12\/WhatsApp-Image-2022-12-12-at-11.55.40.jpeg 597w, https:\/\/senoticias.com.br\/se\/wp-content\/uploads\/2022\/12\/WhatsApp-Image-2022-12-12-at-11.55.40-300x200.jpeg 300w, https:\/\/senoticias.com.br\/se\/wp-content\/uploads\/2022\/12\/WhatsApp-Image-2022-12-12-at-11.55.40-90x60.jpeg 90w, https:\/\/senoticias.com.br\/se\/wp-content\/uploads\/2022\/12\/WhatsApp-Image-2022-12-12-at-11.55.40-180x120.jpeg 180w, https:\/\/senoticias.com.br\/se\/wp-content\/uploads\/2022\/12\/WhatsApp-Image-2022-12-12-at-11.55.40-95x64.jpeg 95w\" sizes=\"(max-width: 597px) 100vw, 597px\" \/><figcaption>Terminal Rodovi\u00e1rio Luiz Garcia, conhecido como Rodovi\u00e1ria Velha &#8211; Foto: ascom\/Sedurbs<\/figcaption><\/figure>\n\n\n\n<p>Na reforma da estrutura f\u00edsica da Rodovi\u00e1ria Velha foram investidos quase R$ 10 milh\u00f5es. Segundo o governador Belivaldo Chagas (PSD), o agora novo terminal vai se tornar um cart\u00e3o postal para o centro de Aracaju. \u201cO pr\u00e9dio estava deteriorado, depois de tantos anos de constru\u00e7\u00e3o. Ent\u00e3o, era preciso fazer essa reforma. Agora, sim, ficou bonito\u201d, disse o pessedista.<\/p>\n\n\n\n<p><strong>A obra<\/strong><\/p>\n\n\n\n<p>Constru\u00eddo em 1962 onde antes se localizava o antigo Morro do Bonfim, o pr\u00e9dio do Terminal Rodovi\u00e1rio Luiz Garcia \u00e9 tombado como Patrim\u00f4nio Hist\u00f3rico e Art\u00edstico Estadual e \u00e9 considerado um marco hist\u00f3rico da urbaniza\u00e7\u00e3o de Aracaju. O local passou por diversas modifica\u00e7\u00f5es, tendo, no entanto, sido preservado em seu conceito arquitet\u00f4nico pr\u00f3prio do Modernismo. A reforma buscou reduzir o risco ambiental na regi\u00e3o, al\u00e9m de facilitar o fluxo e tr\u00e1fego de ve\u00edculos nas adjac\u00eancias.<\/p>\n\n\n\n<p>A obra contemplou a reforma do pr\u00e9dio principal, que possui 1.876,65 m\u00b2, al\u00e9m da constru\u00e7\u00e3o de duas guaritas, 14 plataformas de embarque e desembarque, casa de lixo, 34 quiosques externos, cinco bilheterias e 18 boxes internos.<\/p>\n\n\n\n<p>Houve, ainda, pavimenta\u00e7\u00e3o do p\u00e1tio de manobra, totalizando uma \u00e1rea de cerca de 2,8 mil m\u00b2, como tamb\u00e9m coloca\u00e7\u00e3o de cobertura e estrutura met\u00e1lica para \u00e1rea de embarque e desembarque. Foi instalada uma plataforma elevat\u00f3ria, pisos de alta resist\u00eancia nas \u00e1reas internas, pintura interna e externa, reforma dos banheiros e constru\u00e7\u00e3o de banheiros acess\u00edveis \u00e0s pessoas com defici\u00eancia. A revitaliza\u00e7\u00e3o abrangeu tamb\u00e9m instala\u00e7\u00f5es el\u00e9tricas, hidrossanit\u00e1rias, de drenagem pluvial, cabeamento estruturado, CFTV, climatiza\u00e7\u00e3o e sistema de combate a inc\u00eandio.<\/p>\n\n\n\n<p><em><strong>Acompanhe tamb\u00e9m o SE Not\u00edcias no\u00a0<a rel=\"noreferrer noopener\" href=\"https:\/\/twitter.com\/Senoticias\" target=\"_blank\">Twitter<\/a>,\u00a0<a rel=\"noreferrer noopener\" href=\"https:\/\/www.facebook.com\/senoticias1\" target=\"_blank\">Facebook<\/a>\u00a0e no\u00a0<a rel=\"noreferrer noopener\" href=\"https:\/\/www.instagram.com\/senoticias\/\" target=\"_blank\">Instagram<\/a><\/strong><\/em><\/p>\n\n\n\n<p>Fonte: Ascom Sedurbs<\/p>\n","protected":false},"excerpt":{"rendered":"<p>Inaugurado no \u00faltimo dia 29, o Terminal Rodovi\u00e1rio Luiz Garcia, conhecido como Rodovi\u00e1ria Velha, come\u00e7a a funcionar normalmente nesta segunda-feira (12). Em m\u00e9dia, a rodovi\u00e1ria movimenta 120 mil passageiros em 70 mil viagens, todos os meses. S\u00e3o 300 ve\u00edculos que partem todos os dias do terminal. Al\u00e9m dos passageiros, aguardavam pela entrega da obra os [&hellip;]<\/p>\n","protected":false},"author":6557,"featured_media":0,"comment_status":"closed","ping_status":"closed","sticky":false,"template":"","format":"standard","meta":{"footnotes":""},"categories":[15],"tags":[7303,7300],"class_list":{"0":"post-135051","1":"post","2":"type-post","3":"status-publish","4":"format-standard","6":"category-destaques","7":"tag-psd","8":"tag-rodoviaria-velha"},"_links":{"self":[{"href":"https:\/\/senoticias.com.br\/se\/wp-json\/wp\/v2\/posts\/135051"}],"collection":[{"href":"https:\/\/senoticias.com.br\/se\/wp-json\/wp\/v2\/posts"}],"about":[{"href":"https:\/\/senoticias.com.br\/se\/wp-json\/wp\/v2\/types\/post"}],"author":[{"embeddable":true,"href":"https:\/\/senoticias.com.br\/se\/wp-json\/wp\/v2\/users\/6557"}],"replies":[{"embeddable":true,"href":"https:\/\/senoticias.com.br\/se\/wp-json\/wp\/v2\/comments?post=135051"}],"version-history":[{"count":0,"href":"https:\/\/senoticias.com.br\/se\/wp-json\/wp\/v2\/posts\/135051\/revisions"}],"wp:attachment":[{"href":"https:\/\/senoticias.com.br\/se\/wp-json\/wp\/v2\/media?parent=135051"}],"wp:term":[{"taxonomy":"category","embeddable":true,"href":"https:\/\/senoticias.com.br\/se\/wp-json\/wp\/v2\/categories?post=135051"},{"taxonomy":"post_tag","embeddable":true,"href":"https:\/\/senoticias.com.br\/se\/wp-json\/wp\/v2\/tags?post=135051"}],"curies":[{"name":"wp","href":"https:\/\/api.w.org\/{rel}","templated":true}]}}