{"id":135018,"date":"2022-12-09T10:23:05","date_gmt":"2022-12-09T13:23:05","guid":{"rendered":"https:\/\/senoticias.com.br\/se\/?p=135018"},"modified":"2022-12-09T13:25:08","modified_gmt":"2022-12-09T16:25:08","slug":"operacao-conjunta-apreende-217kg-de-drogas-em-carmopolis","status":"publish","type":"post","link":"https:\/\/senoticias.com.br\/se\/operacao-conjunta-apreende-217kg-de-drogas-em-carmopolis\/","title":{"rendered":"Opera\u00e7\u00e3o conjunta apreende 217kg de drogas em Carm\u00f3polis"},"content":{"rendered":"\n<p>Uma a\u00e7\u00e3o conjunta entre as pol\u00edcias Civil e Militar resultou na apreens\u00e3o de 217kg de drogas em Carm\u00f3polis, na manh\u00e3 desta sexta-feira (9). A a\u00e7\u00e3o policial foi desencadeada pelo Departamento de Narc\u00f3ticos (Denarc), 5\u00ba Batalh\u00e3o da Pol\u00edcia Militar (5\u00ba BPM) e Batalh\u00e3o de Radiopatrulha (BPRp).<\/p>\n\n\n\n<figure class=\"wp-block-image size-large\"><img loading=\"lazy\" decoding=\"async\" width=\"1024\" height=\"768\" src=\"https:\/\/senoticias.com.br\/se\/wp-content\/uploads\/2022\/12\/denarc-senoticias-1024x768.jpg\" alt=\"\" class=\"wp-image-135019\"\/><figcaption>Entorpecente estava em um s\u00edtio na zona rural do munic\u00edpio &#8211; Foto: SSP\/SE<\/figcaption><\/figure>\n\n\n\n<p>De acordo com o delegado Ata\u00edde Alves, o Denarc recebeu informa\u00e7\u00f5es de que haveria uma carga de drogas que pertenceria a um presidi\u00e1rio. A droga estaria em um s\u00edtio, mas at\u00e9 ent\u00e3o a localiza\u00e7\u00e3o era desconhecida.<\/p>\n\n\n\n<p>\u201cCom a troca de informa\u00e7\u00f5es com o comando do 5\u00ba BPM, foi poss\u00edvel localizar a propriedade rural. Hoje n\u00f3s deflagramos a opera\u00e7\u00e3o com a participa\u00e7\u00e3o do Batalh\u00e3o de Radiopatrulha (BPRp)&#8221;, detalhou.<\/p>\n\n\n\n<p>A major Manuela Gomes, do 5\u00ba BPM, explicou que, com a troca de informa\u00e7\u00f5es com o Denarc, foi interceptada a pessoa que estava fazendo a distribui\u00e7\u00e3o da droga. O investigado \u00e9 um presidi\u00e1rio que cumpre regime semiaberto.<\/p>\n\n\n\n<p>\u201cCom o trabalho integrado ganha toda a sociedade, que pode fazer sua den\u00fancia por meio do Disque-Den\u00fancia (181), com todo o anonimato. Continuamos solicitando que a popula\u00e7\u00e3o nos apoie\u201d, finalizou a major.<\/p>\n\n\n\n<p>O tenente-coronel George Melo, do BPRp, tamb\u00e9m evidenciou a import\u00e2ncia da integra\u00e7\u00e3o entre as for\u00e7as de seguran\u00e7a p\u00fablica no combate \u00e0 criminalidade, fato que passa pela apreens\u00e3o de entorpecentes.<\/p>\n\n\n\n<p>\u201cEsse trabalho integrado entre unidades da Pol\u00edcia Militar e da Pol\u00edcia Civil vem trazendo resultados importantes no combate ao tr\u00e1fico de drogas. Isso tem um impacto claro na redu\u00e7\u00e3o do tr\u00e1fico de drogas e das taxas de homic\u00eddios no estado\u201d, mencionou.<\/p>\n\n\n\n<p>Na opera\u00e7\u00e3o, al\u00e9m da carga de droga &#8211; composta por maconha e coca\u00edna &#8211; tamb\u00e9m foi apreendida uma arma de fogo. O material foi encaminhado ao Denarc que ir\u00e1 prosseguir com as investiga\u00e7\u00f5es.<\/p>\n\n\n\n<p><em><strong>Acompanhe tamb\u00e9m o SE Not\u00edcias no\u00a0<a rel=\"noreferrer noopener\" href=\"https:\/\/twitter.com\/Senoticias\" target=\"_blank\">Twitter<\/a>,\u00a0<a rel=\"noreferrer noopener\" href=\"https:\/\/www.facebook.com\/senoticias1\" target=\"_blank\">Facebook<\/a>\u00a0e no\u00a0<a rel=\"noreferrer noopener\" href=\"https:\/\/www.instagram.com\/senoticias\/\" target=\"_blank\">Instagram<\/a><\/strong><\/em><\/p>\n\n\n\n<p>Fonte: SSP\/SE<\/p>\n","protected":false},"excerpt":{"rendered":"<p>Uma a\u00e7\u00e3o conjunta entre as pol\u00edcias Civil e Militar resultou na apreens\u00e3o de 217kg de drogas em Carm\u00f3polis, na manh\u00e3 desta sexta-feira (9). A a\u00e7\u00e3o policial foi desencadeada pelo Departamento de Narc\u00f3ticos (Denarc), 5\u00ba Batalh\u00e3o da Pol\u00edcia Militar (5\u00ba BPM) e Batalh\u00e3o de Radiopatrulha (BPRp). De acordo com o delegado Ata\u00edde Alves, o Denarc recebeu [&hellip;]<\/p>\n","protected":false},"author":6557,"featured_media":0,"comment_status":"closed","ping_status":"closed","sticky":false,"template":"","format":"standard","meta":{"footnotes":""},"categories":[15,7],"tags":[3948,2094,78,86],"class_list":{"0":"post-135018","1":"post","2":"type-post","3":"status-publish","4":"format-standard","6":"category-destaques","7":"category-policia","8":"tag-apreensao-de-drogas","9":"tag-carmopolis","10":"tag-policia-civil","11":"tag-policia-militar"},"_links":{"self":[{"href":"https:\/\/senoticias.com.br\/se\/wp-json\/wp\/v2\/posts\/135018"}],"collection":[{"href":"https:\/\/senoticias.com.br\/se\/wp-json\/wp\/v2\/posts"}],"about":[{"href":"https:\/\/senoticias.com.br\/se\/wp-json\/wp\/v2\/types\/post"}],"author":[{"embeddable":true,"href":"https:\/\/senoticias.com.br\/se\/wp-json\/wp\/v2\/users\/6557"}],"replies":[{"embeddable":true,"href":"https:\/\/senoticias.com.br\/se\/wp-json\/wp\/v2\/comments?post=135018"}],"version-history":[{"count":0,"href":"https:\/\/senoticias.com.br\/se\/wp-json\/wp\/v2\/posts\/135018\/revisions"}],"wp:attachment":[{"href":"https:\/\/senoticias.com.br\/se\/wp-json\/wp\/v2\/media?parent=135018"}],"wp:term":[{"taxonomy":"category","embeddable":true,"href":"https:\/\/senoticias.com.br\/se\/wp-json\/wp\/v2\/categories?post=135018"},{"taxonomy":"post_tag","embeddable":true,"href":"https:\/\/senoticias.com.br\/se\/wp-json\/wp\/v2\/tags?post=135018"}],"curies":[{"name":"wp","href":"https:\/\/api.w.org\/{rel}","templated":true}]}}