{"id":135001,"date":"2022-12-07T12:29:01","date_gmt":"2022-12-07T15:29:01","guid":{"rendered":"https:\/\/senoticias.com.br\/se\/?p=135001"},"modified":"2022-12-07T19:11:23","modified_gmt":"2022-12-07T22:11:23","slug":"juca-recebe-premio-de-prefeito-construtor-por-investimentos-em-laranjeiras","status":"publish","type":"post","link":"https:\/\/senoticias.com.br\/se\/juca-recebe-premio-de-prefeito-construtor-por-investimentos-em-laranjeiras\/","title":{"rendered":"Juca recebe pr\u00eamio de \u201cPrefeito Construtor\u201d por investimentos em Laranjeiras"},"content":{"rendered":"\n<p>O prefeito de Laranjeiras, Jos\u00e9 de Ara\u00fajo Leite Neto (Juca), ser\u00e1 premiado pelo canal digital Al\u00f4 Sergipe, em solenidade que acontecer\u00e1 na pr\u00f3xima ter\u00e7a-feira, 13, no Quality Hotel, em Aracaju. O gestor municipal foi escolhido o \u201cPrefeito Construtor\u201d de 2022.<\/p>\n\n\n\n<figure class=\"wp-block-image size-large\"><img loading=\"lazy\" decoding=\"async\" width=\"1024\" height=\"768\" src=\"https:\/\/senoticias.com.br\/se\/wp-content\/uploads\/2022\/12\/WhatsApp-Image-2022-12-07-at-09.51.49-1024x768.jpeg\" alt=\"\" class=\"wp-image-135002\"\/><figcaption> Juca recebe pr\u00eamio de \u201cPrefeito Construtor\u201d &#8211; Foto: ascom\/divulga\u00e7\u00e3o<\/figcaption><\/figure>\n\n\n\n<p>Juca \u00e9 contador, advogado, mestrando em Contabilidade e tem MBA em Gest\u00e3o P\u00fablica pela Funda\u00e7\u00e3o Get\u00falio Vargas. O pol\u00edtico iniciou a carreira em 2004, como vereador de Laranjeiras. Quatro anos ap\u00f3s, foi eleito vice-prefeito. Em janeiro de 2013 assumiu o 1\u00ba mandato de prefeito e atualmente exerce o mesmo cargo, desde 2021.<\/p>\n\n\n\n<p>Em dois anos de mandato, Juca empreendeu mais uma vez seu perfil de realizador de obras, melhorando a qualidade de vida dos laranjeirenses. O prefeito vem reformando escolas, entregou duas creches, reconstruiu unidades b\u00e1sicas de sa\u00fade e melhorou o abastecimento de \u00e1gua.<\/p>\n\n\n\n<p>Lan\u00e7ado em sua primeira gest\u00e3o, o programa Minha Rua de Cara Nova voltou com a pavimenta\u00e7\u00e3o, drenagem e esgotamento sanit\u00e1rio de diversas vias na sede, bairros e povoados. Juca tamb\u00e9m lan\u00e7ou o Rodando no Asfalto que, em parceria com os governos estadual e federal, \u00e9 respons\u00e1vel pelo maior investimento em pavimenta\u00e7\u00e3o da hist\u00f3ria de Laranjeiras, facilitando a mobilidade urbana de milhares de moradores. J\u00e1 foram mais de 30 mil m\u00b2 de asfalto no munic\u00edpio.<\/p>\n\n\n\n<p>Ainda em dezembro, o prefeito vai inaugurar diversas obras, com destaque para o Japu\u00ed II, um complexo habitacional que antes era s\u00f3 barro e poeira, e agora contar\u00e1 com uma completa urbaniza\u00e7\u00e3o, com esgotamento sanit\u00e1rio e drenagem; pavimenta\u00e7\u00e3o em paralelep\u00edpedo e constru\u00e7\u00e3o de cal\u00e7adas; e implanta\u00e7\u00e3o de rede de distribui\u00e7\u00e3o de \u00e1gua. \u201cCom essas obras no Japu\u00ed e em todo o munic\u00edpio, onde antes era lama e poeira, agora tem pavimenta\u00e7\u00e3o. Essa \u00e9 a marca da nossa gest\u00e3o: trabalhar sempre para garantir uma melhor qualidade de vida para todos\u201d, destaca Juca.<\/p>\n\n\n\n<p><em><strong>Acompanhe tamb\u00e9m o SE Not\u00edcias no\u00a0<a rel=\"noreferrer noopener\" href=\"https:\/\/twitter.com\/Senoticias\" target=\"_blank\">Twitter<\/a>,\u00a0<a rel=\"noreferrer noopener\" href=\"https:\/\/www.facebook.com\/senoticias1\" target=\"_blank\">Facebook<\/a>\u00a0e no\u00a0<a rel=\"noreferrer noopener\" href=\"https:\/\/www.instagram.com\/senoticias\/\" target=\"_blank\">Instagram<\/a><\/strong><\/em><\/p>\n\n\n\n<p>POR ASCOM JUCA<\/p>\n","protected":false},"excerpt":{"rendered":"<p>O prefeito de Laranjeiras, Jos\u00e9 de Ara\u00fajo Leite Neto (Juca), ser\u00e1 premiado pelo canal digital Al\u00f4 Sergipe, em solenidade que acontecer\u00e1 na pr\u00f3xima ter\u00e7a-feira, 13, no Quality Hotel, em Aracaju. O gestor municipal foi escolhido o \u201cPrefeito Construtor\u201d de 2022. Juca \u00e9 contador, advogado, mestrando em Contabilidade e tem MBA em Gest\u00e3o P\u00fablica pela Funda\u00e7\u00e3o [&hellip;]<\/p>\n","protected":false},"author":6557,"featured_media":0,"comment_status":"closed","ping_status":"closed","sticky":false,"template":"","format":"standard","meta":{"footnotes":""},"categories":[15,38],"tags":[1036,37775,3327],"class_list":{"0":"post-135001","1":"post","2":"type-post","3":"status-publish","4":"format-standard","6":"category-destaques","7":"category-municipios","8":"tag-laranjeiras","9":"tag-prefeito-construtor","10":"tag-prefeitura-de-laranjeiras"},"_links":{"self":[{"href":"https:\/\/senoticias.com.br\/se\/wp-json\/wp\/v2\/posts\/135001"}],"collection":[{"href":"https:\/\/senoticias.com.br\/se\/wp-json\/wp\/v2\/posts"}],"about":[{"href":"https:\/\/senoticias.com.br\/se\/wp-json\/wp\/v2\/types\/post"}],"author":[{"embeddable":true,"href":"https:\/\/senoticias.com.br\/se\/wp-json\/wp\/v2\/users\/6557"}],"replies":[{"embeddable":true,"href":"https:\/\/senoticias.com.br\/se\/wp-json\/wp\/v2\/comments?post=135001"}],"version-history":[{"count":0,"href":"https:\/\/senoticias.com.br\/se\/wp-json\/wp\/v2\/posts\/135001\/revisions"}],"wp:attachment":[{"href":"https:\/\/senoticias.com.br\/se\/wp-json\/wp\/v2\/media?parent=135001"}],"wp:term":[{"taxonomy":"category","embeddable":true,"href":"https:\/\/senoticias.com.br\/se\/wp-json\/wp\/v2\/categories?post=135001"},{"taxonomy":"post_tag","embeddable":true,"href":"https:\/\/senoticias.com.br\/se\/wp-json\/wp\/v2\/tags?post=135001"}],"curies":[{"name":"wp","href":"https:\/\/api.w.org\/{rel}","templated":true}]}}