{"id":134999,"date":"2022-12-07T11:48:54","date_gmt":"2022-12-07T14:48:54","guid":{"rendered":"https:\/\/senoticias.com.br\/se\/?p=134999"},"modified":"2022-12-07T11:49:14","modified_gmt":"2022-12-07T14:49:14","slug":"sem-uso-de-epi-trabalhador-morre-apos-cair-de-predio-da-secretaria-de-estado-da-saude","status":"publish","type":"post","link":"https:\/\/senoticias.com.br\/se\/sem-uso-de-epi-trabalhador-morre-apos-cair-de-predio-da-secretaria-de-estado-da-saude\/","title":{"rendered":"Sem uso de EPI, trabalhador morre ap\u00f3s cair de pr\u00e9dio da Secretaria de Estado da Sa\u00fade"},"content":{"rendered":"\n<p>Sem usar equipamentos de prote\u00e7\u00e3o individual, um trabalhador que realizava a manuten\u00e7\u00e3o do pr\u00e9dio onde funciona o Centro Administrativo da Secretaria de Estado da Sa\u00fade (SES), conhecido como Taj Mahal, morreu ap\u00f3s cair do telhado. O fato ocorreu no in\u00edcio da tarde desta ter\u00e7a-feira, 6.<\/p>\n\n\n\n<figure class=\"wp-block-image size-large\"><img loading=\"lazy\" decoding=\"async\" width=\"596\" height=\"350\" src=\"https:\/\/senoticias.com.br\/se\/wp-content\/uploads\/2022\/12\/SES-SE-Noticias.jpg\" alt=\"\" class=\"wp-image-135000\" srcset=\"https:\/\/senoticias.com.br\/se\/wp-content\/uploads\/2022\/12\/SES-SE-Noticias.jpg 596w, https:\/\/senoticias.com.br\/se\/wp-content\/uploads\/2022\/12\/SES-SE-Noticias-300x176.jpg 300w\" sizes=\"(max-width: 596px) 100vw, 596px\" \/><figcaption>Segundo a SMS, o oper\u00e1rio estava realizando um servi\u00e7o de manuten\u00e7\u00e3o no telhado quando sofreu o acidente &#8211; Foto: arquivo\/SES<\/figcaption><\/figure>\n\n\n\n<p>A informa\u00e7\u00e3o foi confirmada pela assessoria de Comunica\u00e7\u00e3o da SES, que disse ainda que o trabalhador foi contratado pelo propriet\u00e1rio do im\u00f3vel, que est\u00e1 alugado ao \u00f3rg\u00e3o.<\/p>\n\n\n\n<p>Ainda segundo a nota, ele foi atendido, de imediato, pelo Servi\u00e7o de Atendimento M\u00f3vel de Urg\u00eancia (Samu) e encaminhado ao Hospital de Urg\u00eancias de Sergipe Governador Jo\u00e3o Alves Filho (Huse), sendo atendido por uma equipe especializada, mas evoluiu para \u00f3bito. A SES se solidarizou com familiares e amigos.<\/p>\n\n\n\n<p><em><strong>Acompanhe tamb\u00e9m o SE Not\u00edcias no\u00a0<a rel=\"noreferrer noopener\" href=\"https:\/\/twitter.com\/Senoticias\" target=\"_blank\">Twitter<\/a>,\u00a0<a rel=\"noreferrer noopener\" href=\"https:\/\/www.facebook.com\/senoticias1\" target=\"_blank\">Facebook<\/a>\u00a0e no\u00a0<a rel=\"noreferrer noopener\" href=\"https:\/\/www.instagram.com\/senoticias\/\" target=\"_blank\">Instagram<\/a><\/strong><\/em><\/p>\n\n\n\n<p><em>Com informa\u00e7\u00f5es da FANF1<\/em><\/p>\n","protected":false},"excerpt":{"rendered":"<p>Sem usar equipamentos de prote\u00e7\u00e3o individual, um trabalhador que realizava a manuten\u00e7\u00e3o do pr\u00e9dio onde funciona o Centro Administrativo da Secretaria de Estado da Sa\u00fade (SES), conhecido como Taj Mahal, morreu ap\u00f3s cair do telhado. O fato ocorreu no in\u00edcio da tarde desta ter\u00e7a-feira, 6. A informa\u00e7\u00e3o foi confirmada pela assessoria de Comunica\u00e7\u00e3o da SES, [&hellip;]<\/p>\n","protected":false},"author":6557,"featured_media":0,"comment_status":"closed","ping_status":"closed","sticky":false,"template":"","format":"standard","meta":{"footnotes":""},"categories":[15,7],"tags":[6385,37774,37773],"class_list":{"0":"post-134999","1":"post","2":"type-post","3":"status-publish","4":"format-standard","6":"category-destaques","7":"category-policia","8":"tag-secretaria-de-estado-da-saude","9":"tag-sem-uso-de-epi","10":"tag-trabalhador-morre"},"_links":{"self":[{"href":"https:\/\/senoticias.com.br\/se\/wp-json\/wp\/v2\/posts\/134999"}],"collection":[{"href":"https:\/\/senoticias.com.br\/se\/wp-json\/wp\/v2\/posts"}],"about":[{"href":"https:\/\/senoticias.com.br\/se\/wp-json\/wp\/v2\/types\/post"}],"author":[{"embeddable":true,"href":"https:\/\/senoticias.com.br\/se\/wp-json\/wp\/v2\/users\/6557"}],"replies":[{"embeddable":true,"href":"https:\/\/senoticias.com.br\/se\/wp-json\/wp\/v2\/comments?post=134999"}],"version-history":[{"count":0,"href":"https:\/\/senoticias.com.br\/se\/wp-json\/wp\/v2\/posts\/134999\/revisions"}],"wp:attachment":[{"href":"https:\/\/senoticias.com.br\/se\/wp-json\/wp\/v2\/media?parent=134999"}],"wp:term":[{"taxonomy":"category","embeddable":true,"href":"https:\/\/senoticias.com.br\/se\/wp-json\/wp\/v2\/categories?post=134999"},{"taxonomy":"post_tag","embeddable":true,"href":"https:\/\/senoticias.com.br\/se\/wp-json\/wp\/v2\/tags?post=134999"}],"curies":[{"name":"wp","href":"https:\/\/api.w.org\/{rel}","templated":true}]}}