{"id":134997,"date":"2022-12-07T09:40:14","date_gmt":"2022-12-07T12:40:14","guid":{"rendered":"https:\/\/senoticias.com.br\/se\/?p=134997"},"modified":"2022-12-07T09:40:23","modified_gmt":"2022-12-07T12:40:23","slug":"policia-civil-prende-investigado-por-matar-e-ocultar-corpo-de-homem-em-aracaju","status":"publish","type":"post","link":"https:\/\/senoticias.com.br\/se\/policia-civil-prende-investigado-por-matar-e-ocultar-corpo-de-homem-em-aracaju\/","title":{"rendered":"Pol\u00edcia Civil prende investigado por matar e ocultar corpo de homem em Aracaju"},"content":{"rendered":"\n<p>Policiais civis do Centro de Opera\u00e7\u00f5es Policiais Especiais (Cope) prenderam em flagrante Washington Nunes Santos, 43, pela oculta\u00e7\u00e3o do cad\u00e1ver de Douglas Concei\u00e7\u00e3o de Ara\u00fajo, 40. O investigado matou e esquartejou o corpo da v\u00edtima, distribuindo os restos mortais em matagais da capital. A a\u00e7\u00e3o policial foi divulgada nesta quarta-feira (7).<\/p>\n\n\n\n<figure class=\"wp-block-image size-large\"><img loading=\"lazy\" decoding=\"async\" width=\"597\" height=\"337\" src=\"https:\/\/senoticias.com.br\/se\/wp-content\/uploads\/2022\/12\/WhatsApp-Image-2022-12-07-at-09.08.25.jpeg\" alt=\"\" class=\"wp-image-134998\" srcset=\"https:\/\/senoticias.com.br\/se\/wp-content\/uploads\/2022\/12\/WhatsApp-Image-2022-12-07-at-09.08.25.jpeg 597w, https:\/\/senoticias.com.br\/se\/wp-content\/uploads\/2022\/12\/WhatsApp-Image-2022-12-07-at-09.08.25-300x169.jpeg 300w\" sizes=\"(max-width: 597px) 100vw, 597px\" \/><figcaption>\nV\u00edtima estava desaparecida. Investiga\u00e7\u00f5es identificaram requinte de crueldade na morte &#8211; Foto: SSP\/SE\n<\/figcaption><\/figure>\n\n\n\n<p>De acordo com as informa\u00e7\u00f5es policiais, Washington teria atra\u00eddo Douglas para sua resid\u00eancia, localizada no bairro Santos Dumont, em Aracaju. Eles se encontraram na tarde do s\u00e1bado (3) e, desde ent\u00e3o, a v\u00edtima estava desaparecida.<\/p>\n\n\n\n<p>Ap\u00f3s matar Douglas, Washington esquartejou o corpo, cortando-o ao meio. Em seguida, ele colocou as partes em duas bolsas de viagem separadas. Com isso, ocultou o cad\u00e1ver em dois bairros diferentes da capital.<\/p>\n\n\n\n<p>Washington j\u00e1 havia sido preso em 2019 por viol\u00eancia dom\u00e9stica. Ele tamb\u00e9m respondia a um inqu\u00e9rito policial por apropria\u00e7\u00e3o ind\u00e9bita desde o mesmo ano. Por este \u00faltimo delito, pesava contra o investigado um mandado de pris\u00e3o preventiva.<\/p>\n\n\n\n<p>As investiga\u00e7\u00f5es continuam para identificar outros poss\u00edveis crimes contra a vida que Washington tenha cometido. Para isso, a popula\u00e7\u00e3o pode colaborar por meio do Disque-Den\u00fancia 181.<\/p>\n\n\n\n<p>A partir de agora, Washington est\u00e1 \u00e0 disposi\u00e7\u00e3o do Poder Judici\u00e1rio, e posteriormente ser\u00e1 encaminhado a uma unidade do sistema prisional.<\/p>\n\n\n\n<p><em><strong>Acompanhe tamb\u00e9m o SE Not\u00edcias no\u00a0<a rel=\"noreferrer noopener\" href=\"https:\/\/twitter.com\/Senoticias\" target=\"_blank\">Twitter<\/a>,\u00a0<a rel=\"noreferrer noopener\" href=\"https:\/\/www.facebook.com\/senoticias1\" target=\"_blank\">Facebook<\/a>\u00a0e no\u00a0<a rel=\"noreferrer noopener\" href=\"https:\/\/www.instagram.com\/senoticias\/\" target=\"_blank\">Instagram<\/a><\/strong><\/em><\/p>\n\n\n\n<p>Fonte: SSP SE<\/p>\n","protected":false},"excerpt":{"rendered":"<p>Policiais civis do Centro de Opera\u00e7\u00f5es Policiais Especiais (Cope) prenderam em flagrante Washington Nunes Santos, 43, pela oculta\u00e7\u00e3o do cad\u00e1ver de Douglas Concei\u00e7\u00e3o de Ara\u00fajo, 40. O investigado matou e esquartejou o corpo da v\u00edtima, distribuindo os restos mortais em matagais da capital. A a\u00e7\u00e3o policial foi divulgada nesta quarta-feira (7). De acordo com as [&hellip;]<\/p>\n","protected":false},"author":6557,"featured_media":0,"comment_status":"closed","ping_status":"closed","sticky":false,"template":"","format":"standard","meta":{"footnotes":""},"categories":[15,7],"tags":[612,16940,78],"class_list":{"0":"post-134997","1":"post","2":"type-post","3":"status-publish","4":"format-standard","6":"category-destaques","7":"category-policia","8":"tag-cope","9":"tag-ocultacao-de-cadaver","10":"tag-policia-civil"},"_links":{"self":[{"href":"https:\/\/senoticias.com.br\/se\/wp-json\/wp\/v2\/posts\/134997"}],"collection":[{"href":"https:\/\/senoticias.com.br\/se\/wp-json\/wp\/v2\/posts"}],"about":[{"href":"https:\/\/senoticias.com.br\/se\/wp-json\/wp\/v2\/types\/post"}],"author":[{"embeddable":true,"href":"https:\/\/senoticias.com.br\/se\/wp-json\/wp\/v2\/users\/6557"}],"replies":[{"embeddable":true,"href":"https:\/\/senoticias.com.br\/se\/wp-json\/wp\/v2\/comments?post=134997"}],"version-history":[{"count":0,"href":"https:\/\/senoticias.com.br\/se\/wp-json\/wp\/v2\/posts\/134997\/revisions"}],"wp:attachment":[{"href":"https:\/\/senoticias.com.br\/se\/wp-json\/wp\/v2\/media?parent=134997"}],"wp:term":[{"taxonomy":"category","embeddable":true,"href":"https:\/\/senoticias.com.br\/se\/wp-json\/wp\/v2\/categories?post=134997"},{"taxonomy":"post_tag","embeddable":true,"href":"https:\/\/senoticias.com.br\/se\/wp-json\/wp\/v2\/tags?post=134997"}],"curies":[{"name":"wp","href":"https:\/\/api.w.org\/{rel}","templated":true}]}}