{"id":134943,"date":"2022-12-02T14:59:11","date_gmt":"2022-12-02T17:59:11","guid":{"rendered":"https:\/\/senoticias.com.br\/se\/?p=134943"},"modified":"2022-12-02T15:00:25","modified_gmt":"2022-12-02T18:00:25","slug":"hospital-universitario-da-universidade-federal-de-sergipe-realiza-mutirao-para-deteccao-de-cancer-de-pele","status":"publish","type":"post","link":"https:\/\/senoticias.com.br\/se\/hospital-universitario-da-universidade-federal-de-sergipe-realiza-mutirao-para-deteccao-de-cancer-de-pele\/","title":{"rendered":"Hospital Universit\u00e1rio da Universidade Federal de Sergipe realiza mutir\u00e3o para detec\u00e7\u00e3o de c\u00e2ncer de pele"},"content":{"rendered":"\n<p>Neste s\u00e1bado, 3, das <strong>8h \u00e0s 13h<\/strong>, o Hospital Universit\u00e1rio da Universidade Federal de Sergipe (HU-UFS), vinculado \u00e0 Empresa Brasileira de Servi\u00e7os Hospitalares (Ebserh), realizar\u00e1 um mutir\u00e3o para promover a conscientiza\u00e7\u00e3o sobre preven\u00e7\u00e3o e diagn\u00f3stico de c\u00e2ncer de pele. A a\u00e7\u00e3o faz parte da campanha \u201c<strong>Dezembro laranja<\/strong>\u201d e conta com o apoio da Sociedade Brasileira de Dermatologia (SBD).<\/p>\n\n\n\n<figure class=\"wp-block-image size-large\"><img loading=\"lazy\" decoding=\"async\" width=\"576\" height=\"328\" src=\"https:\/\/senoticias.com.br\/se\/wp-content\/uploads\/2022\/12\/Cancer-de-Pele-Hu-SE-Noticias.png\" alt=\"\" class=\"wp-image-134944\" srcset=\"https:\/\/senoticias.com.br\/se\/wp-content\/uploads\/2022\/12\/Cancer-de-Pele-Hu-SE-Noticias.png 576w, https:\/\/senoticias.com.br\/se\/wp-content\/uploads\/2022\/12\/Cancer-de-Pele-Hu-SE-Noticias-300x171.png 300w\" sizes=\"(max-width: 576px) 100vw, 576px\" \/><figcaption>A a\u00e7\u00e3o funcionar\u00e1 no sistema de \u201cportas abertas\u201d e vai conscientizar sobre preven\u00e7\u00e3o e diagn\u00f3stico da doen\u00e7a &#8211; Foto: arquivo\/UOL<\/figcaption><\/figure>\n\n\n\n<p>Qualquer pessoa que tenha alguma suspeita de c\u00e2ncer de pele pode comparecer ao ambulat\u00f3rio do HU-UFS\/Ebserh, com um documento de identifica\u00e7\u00e3o com foto e cart\u00e3o do Sistema \u00danico de Sa\u00fade (SUS), para avalia\u00e7\u00e3o por um dos m\u00e9dicos dermatologistas. No dia da a\u00e7\u00e3o, o <strong>HU-UFS\/Ebserh<\/strong> tamb\u00e9m realizar\u00e1 palestras educativas sobre o tema.<\/p>\n\n\n\n<p><em><strong>Acompanhe tamb\u00e9m o SE Not\u00edcias no\u00a0<a rel=\"noreferrer noopener\" href=\"https:\/\/twitter.com\/Senoticias\" target=\"_blank\">Twitter<\/a>,\u00a0<a rel=\"noreferrer noopener\" href=\"https:\/\/www.facebook.com\/senoticias1\" target=\"_blank\">Facebook<\/a>\u00a0e no\u00a0<a rel=\"noreferrer noopener\" href=\"https:\/\/www.instagram.com\/senoticias\/\" target=\"_blank\">Instagram<\/a><\/strong><\/em><\/p>\n\n\n\n<p>Fonte: Assessoria de Comunica\u00e7\u00e3o\/UH\/UFS\/Ebserh<\/p>\n","protected":false},"excerpt":{"rendered":"<p>Neste s\u00e1bado, 3, das 8h \u00e0s 13h, o Hospital Universit\u00e1rio da Universidade Federal de Sergipe (HU-UFS), vinculado \u00e0 Empresa Brasileira de Servi\u00e7os Hospitalares (Ebserh), realizar\u00e1 um mutir\u00e3o para promover a conscientiza\u00e7\u00e3o sobre preven\u00e7\u00e3o e diagn\u00f3stico de c\u00e2ncer de pele. A a\u00e7\u00e3o faz parte da campanha \u201cDezembro laranja\u201d e conta com o apoio da Sociedade Brasileira [&hellip;]<\/p>\n","protected":false},"author":6557,"featured_media":0,"comment_status":"closed","ping_status":"closed","sticky":false,"template":"","format":"standard","meta":{"footnotes":""},"categories":[15,6],"tags":[7596,7597,1054,6041,2299,6719],"class_list":{"0":"post-134943","1":"post","2":"type-post","3":"status-publish","4":"format-standard","6":"category-destaques","7":"category-politica","8":"tag-cancer-de-pele","9":"tag-dezembro-laranja","10":"tag-ebserh","11":"tag-hospital-universitario","12":"tag-ufs","13":"tag-universidade-federal-de-sergipe"},"_links":{"self":[{"href":"https:\/\/senoticias.com.br\/se\/wp-json\/wp\/v2\/posts\/134943"}],"collection":[{"href":"https:\/\/senoticias.com.br\/se\/wp-json\/wp\/v2\/posts"}],"about":[{"href":"https:\/\/senoticias.com.br\/se\/wp-json\/wp\/v2\/types\/post"}],"author":[{"embeddable":true,"href":"https:\/\/senoticias.com.br\/se\/wp-json\/wp\/v2\/users\/6557"}],"replies":[{"embeddable":true,"href":"https:\/\/senoticias.com.br\/se\/wp-json\/wp\/v2\/comments?post=134943"}],"version-history":[{"count":0,"href":"https:\/\/senoticias.com.br\/se\/wp-json\/wp\/v2\/posts\/134943\/revisions"}],"wp:attachment":[{"href":"https:\/\/senoticias.com.br\/se\/wp-json\/wp\/v2\/media?parent=134943"}],"wp:term":[{"taxonomy":"category","embeddable":true,"href":"https:\/\/senoticias.com.br\/se\/wp-json\/wp\/v2\/categories?post=134943"},{"taxonomy":"post_tag","embeddable":true,"href":"https:\/\/senoticias.com.br\/se\/wp-json\/wp\/v2\/tags?post=134943"}],"curies":[{"name":"wp","href":"https:\/\/api.w.org\/{rel}","templated":true}]}}