{"id":134940,"date":"2022-12-02T13:02:22","date_gmt":"2022-12-02T16:02:22","guid":{"rendered":"https:\/\/senoticias.com.br\/se\/?p=134940"},"modified":"2022-12-02T13:05:44","modified_gmt":"2022-12-02T16:05:44","slug":"grandes-atracoes-agitam-a-odonto-fantasy-neste-sabado","status":"publish","type":"post","link":"https:\/\/senoticias.com.br\/se\/grandes-atracoes-agitam-a-odonto-fantasy-neste-sabado\/","title":{"rendered":"Grandes atra\u00e7\u00f5es agitam a Odonto Fantasy neste s\u00e1bado"},"content":{"rendered":"\n<p><\/p>\n\n\n\n<p>Vai de que pra Fantasy? A pergunta que h\u00e1 3 anos estava presa na garganta volta a ecoar por toda a cidade e, neste s\u00e1bado, 3 de dezembro, a maior festa \u00e0 fantasia do Brasil faz, mais uma vez, a alegria dos sergipanos e do p\u00fablico que chega de diversos cantos do pa\u00eds. A 23\u00aa edi\u00e7\u00e3o da Odonto Fantasy acontece a partir das 19 horas, na Pra\u00e7a de Eventos da Orla da Atalaia, em Aracaju, e vai reunir grandes artistas em um animado festival de ritmos que v\u00e3o do samba ao pop, passando pelo ax\u00e9, piseiro e pagode.<\/p>\n\n\n\n<figure class=\"wp-block-image size-large\"><img loading=\"lazy\" decoding=\"async\" width=\"584\" height=\"452\" src=\"https:\/\/senoticias.com.br\/se\/wp-content\/uploads\/2022\/12\/Grandes-atracoes-agitam-Odonto-Fantasy.jpg\" alt=\"\" class=\"wp-image-134941\" srcset=\"https:\/\/senoticias.com.br\/se\/wp-content\/uploads\/2022\/12\/Grandes-atracoes-agitam-Odonto-Fantasy.jpg 584w, https:\/\/senoticias.com.br\/se\/wp-content\/uploads\/2022\/12\/Grandes-atracoes-agitam-Odonto-Fantasy-300x232.jpg 300w, https:\/\/senoticias.com.br\/se\/wp-content\/uploads\/2022\/12\/Grandes-atracoes-agitam-Odonto-Fantasy-45x35.jpg 45w\" sizes=\"(max-width: 584px) 100vw, 584px\" \/><figcaption>Festa vai acontecer na Pra\u00e7a de Eventos da Orla de Atalaia a partir das 19h &#8211; Foto: Arquivo FNTSY<\/figcaption><\/figure>\n\n\n\n<p>\u201cPreparamos uma edi\u00e7\u00e3o hist\u00f3rica, com atra\u00e7\u00f5es para todas as idades. Teremos um palco duplo com cenografia incr\u00edvel para que os artistas se revezem e o p\u00fablico curta esta que \u00e9 uma das festas mais aguardadas em Sergipe. Desde 1998, a Odonto movimenta diversos setores da economia e atrai gente de todo o Brasil. \u00c9 aquele momento em que a gente se desconecta do mundo, d\u00e1 asas \u00e0 imagina\u00e7\u00e3o e embarca num universo de pura fantasia e alegria\u201d, relata Gustavo Paix\u00e3o, um dos fundadores da Fantasy.<\/p>\n\n\n\n<p>Pedro Sampaio, Cl\u00e1udia Leitte, Z\u00e9 Vaqueiro, Parangol\u00e9, Turma do Pagode e Marcynho Sensa\u00e7\u00e3o integram o estrelado line-up da festa. Embalado pelo sucesso do seu mais novo single \u2018Sal\u2019, Pedro Sampaio promete entregar tudo nesta que ser\u00e1 a sua primeira apresenta\u00e7\u00e3o em Sergipe, desde que o artista estourou em todo o Brasil. O show ser\u00e1 no clima praieiro e de azara\u00e7\u00e3o do seu mais novo hit, lan\u00e7ado em parceria com Pabllo Vittar.<\/p>\n\n\n\n<p>Outra atra\u00e7\u00e3o que promete colocar o p\u00fablico para ferver \u00e9 Cl\u00e1udia Leitte e a cantora j\u00e1 est\u00e1 no clima da festa. \u201cEu amo a Odonto Fantasy e estou preparando uma atmosfera mais futurista para a minha apresenta\u00e7\u00e3o, pra gente soltar tudo, com muita cor e alegria. A Odonto Fantasy deste ano vai ficar para a hist\u00f3ria\u2019, adianta.<\/p>\n\n\n\n<p><strong>Odonto Fantasy<\/strong><\/p>\n\n\n\n<p>Os \u00faltimos ingressos est\u00e3o \u00e0 venda na loja da Odonto instalada no piso t\u00e9rreo do RioMar Shopping e na plataforma Bilheteria Digital (www.bilheteriadigital.com\/fntsy). A Fantasy conta com tr\u00eas setores: \u2018Magic\u2019, arena para todas as tribos com Villa Food Fntsy e experi\u00eancias; \u2018Fantasy Premium\u2019, com acesso ao frontstage, banheiros climatizados e Villa Gourmet exclusiva, e \u2018Open Beer\u2019, com cerveja free, banheiros climatizados e localiza\u00e7\u00e3o privilegiada.<\/p>\n\n\n\n<p><em><strong>Acompanhe tamb\u00e9m o SE Not\u00edcias no\u00a0<a rel=\"noreferrer noopener\" href=\"https:\/\/twitter.com\/Senoticias\" target=\"_blank\">Twitter<\/a>,\u00a0<a rel=\"noreferrer noopener\" href=\"https:\/\/www.facebook.com\/senoticias1\" target=\"_blank\">Facebook<\/a>\u00a0e no\u00a0<a rel=\"noreferrer noopener\" href=\"https:\/\/www.instagram.com\/senoticias\/\" target=\"_blank\">Instagram<\/a><\/strong><\/em><\/p>\n\n\n\n<p><em>Fonte: Lotti+Caldas<\/em><\/p>\n","protected":false},"excerpt":{"rendered":"<p>Vai de que pra Fantasy? A pergunta que h\u00e1 3 anos estava presa na garganta volta a ecoar por toda a cidade e, neste s\u00e1bado, 3 de dezembro, a maior festa \u00e0 fantasia do Brasil faz, mais uma vez, a alegria dos sergipanos e do p\u00fablico que chega de diversos cantos do pa\u00eds. A 23\u00aa [&hellip;]<\/p>\n","protected":false},"author":6557,"featured_media":0,"comment_status":"closed","ping_status":"closed","sticky":false,"template":"","format":"standard","meta":{"footnotes":""},"categories":[15,21,1],"tags":[6312,37735],"class_list":{"0":"post-134940","1":"post","2":"type-post","3":"status-publish","4":"format-standard","6":"category-destaques","7":"category-entretenimento","8":"category-sem-categoria","9":"tag-odonto-fantasy","10":"tag-praca-de-eventos-da-orla-da-atalaia"},"_links":{"self":[{"href":"https:\/\/senoticias.com.br\/se\/wp-json\/wp\/v2\/posts\/134940"}],"collection":[{"href":"https:\/\/senoticias.com.br\/se\/wp-json\/wp\/v2\/posts"}],"about":[{"href":"https:\/\/senoticias.com.br\/se\/wp-json\/wp\/v2\/types\/post"}],"author":[{"embeddable":true,"href":"https:\/\/senoticias.com.br\/se\/wp-json\/wp\/v2\/users\/6557"}],"replies":[{"embeddable":true,"href":"https:\/\/senoticias.com.br\/se\/wp-json\/wp\/v2\/comments?post=134940"}],"version-history":[{"count":0,"href":"https:\/\/senoticias.com.br\/se\/wp-json\/wp\/v2\/posts\/134940\/revisions"}],"wp:attachment":[{"href":"https:\/\/senoticias.com.br\/se\/wp-json\/wp\/v2\/media?parent=134940"}],"wp:term":[{"taxonomy":"category","embeddable":true,"href":"https:\/\/senoticias.com.br\/se\/wp-json\/wp\/v2\/categories?post=134940"},{"taxonomy":"post_tag","embeddable":true,"href":"https:\/\/senoticias.com.br\/se\/wp-json\/wp\/v2\/tags?post=134940"}],"curies":[{"name":"wp","href":"https:\/\/api.w.org\/{rel}","templated":true}]}}