{"id":134914,"date":"2022-11-29T20:48:36","date_gmt":"2022-11-29T23:48:36","guid":{"rendered":"https:\/\/senoticias.com.br\/se\/?p=134914"},"modified":"2022-11-29T20:48:43","modified_gmt":"2022-11-29T23:48:43","slug":"prefeitura-de-sao-cristovao-investe-em-seguranca-e-instala-cameras-de-monitoramento-em-pontos-estrategicos-do-municipio","status":"publish","type":"post","link":"https:\/\/senoticias.com.br\/se\/prefeitura-de-sao-cristovao-investe-em-seguranca-e-instala-cameras-de-monitoramento-em-pontos-estrategicos-do-municipio\/","title":{"rendered":"Prefeitura de S\u00e3o Crist\u00f3v\u00e3o  investe em seguran\u00e7a e instala C\u00e2meras de Monitoramento em pontos estrat\u00e9gicos do munic\u00edpio"},"content":{"rendered":"\n<p><\/p>\n\n\n\n<p>A Prefeitura Municipal de S\u00e3o Crist\u00f3v\u00e3o, iniciou nesta semana (27), a instala\u00e7\u00e3o de c\u00e2meras de monitoramento, benef\u00edcio este que contribui com melhorias na seguran\u00e7a do munic\u00edpio.<\/p>\n\n\n\n<p>Com o intuito de garantir mais tranquilidade \u00e0 popula\u00e7\u00e3o e facilitar o trabalho das equipes de seguran\u00e7a no per\u00edodo do Festival de Artes de S\u00e3o Crist\u00f3v\u00e3o (FASC), a Prefeitura em parceria com a Secretaria de Seguran\u00e7a P\u00fablica (SSP), atrav\u00e9s do Centro Integrado de Opera\u00e7\u00f5es em Seguran\u00e7a P\u00fablica (CIOSP) o servi\u00e7o de instala\u00e7\u00e3o de 17 c\u00e2meras de videomonitoramento em diversos pontos estrat\u00e9gicos do Centro Hist\u00f3rico da Cidade, mais especificamente nos locais em que haver\u00e1 um maior fluxo de pessoas e ve\u00edculos.<\/p>\n\n\n\n<figure class=\"wp-block-image size-large\"><img loading=\"lazy\" decoding=\"async\" width=\"576\" height=\"384\" src=\"https:\/\/senoticias.com.br\/se\/wp-content\/uploads\/2022\/11\/Cameras-de-seguranca-SE-Noticias.jpg\" alt=\"\" class=\"wp-image-134915\" srcset=\"https:\/\/senoticias.com.br\/se\/wp-content\/uploads\/2022\/11\/Cameras-de-seguranca-SE-Noticias.jpg 576w, https:\/\/senoticias.com.br\/se\/wp-content\/uploads\/2022\/11\/Cameras-de-seguranca-SE-Noticias-300x200.jpg 300w, https:\/\/senoticias.com.br\/se\/wp-content\/uploads\/2022\/11\/Cameras-de-seguranca-SE-Noticias-90x60.jpg 90w, https:\/\/senoticias.com.br\/se\/wp-content\/uploads\/2022\/11\/Cameras-de-seguranca-SE-Noticias-180x120.jpg 180w, https:\/\/senoticias.com.br\/se\/wp-content\/uploads\/2022\/11\/Cameras-de-seguranca-SE-Noticias-95x64.jpg 95w\" sizes=\"(max-width: 576px) 100vw, 576px\" \/><figcaption>Os equipamentos foram instalados em locais estrat\u00e9gicos da cidade &#8211; Foto: Heitor Xavier\/ascom\/PMSC<\/figcaption><\/figure>\n\n\n\n<p>Logo ap\u00f3s o <strong>FASC<\/strong>, o munic\u00edpio ampliar\u00e1 a instala\u00e7\u00e3o <strong>totalizando 32 c\u00e2meras<\/strong>, que ser\u00e3o espalhadas na sede da cidade e nos bairros Rosa Elze, Rosa Maria e Eduardo Gomes. O investimento total do projeto est\u00e1 em torno de pouco mais de R$ 405 mil com recursos pr\u00f3prios da Prefeitura e o monitoramento rotineiro ficar\u00e1 a cargo do <strong>CIOSP<\/strong>.<\/p>\n\n\n\n<p>A reportagem do <strong>Portal SE Not\u00edcias<\/strong> apurou que o monitoramento ser\u00e1 feito em tempo real pelo CIOSP e, exclusivamente por conta do evento, teremos a presen\u00e7a de Policiais Civis e Militares realizando este trabalho tamb\u00e9m na sede do munic\u00edpio. A inten\u00e7\u00e3o \u00e9 que este trabalho seja cont\u00ednuo para refor\u00e7ar o compromisso da gest\u00e3o com a seguran\u00e7a da municipalidade, com o objetivo de prevenir assaltos e quaisquer outras pr\u00e1ticas de atos il\u00edcitos.<\/p>\n\n\n\n<p><strong>A presidenta da Funda\u00e7\u00e3o Municipal de Cultura e Turismo (Fumctur), Paola Santana<\/strong>, lembrou-se de que desde a retomada do FASC, em 2017, a gest\u00e3o se preocupa com a seguran\u00e7a da popula\u00e7\u00e3o. \u201cEm 2017 percebemos a dimens\u00e3o do Festival e a cada ano nos preparamos para que o evento supere as nossas expectativas. Por\u00e9m, n\u00e3o podemos esquecer o primordial, que \u00e9 a seguran\u00e7a de todos, por isso sempre contamos com a parceria do governo do Estado atrav\u00e9s da Pol\u00edcia Militar, principalmente na disponibiliza\u00e7\u00e3o de efetivo. <strong>Para este ano teremos 300 profissionais da \u00e1rea de seguran\u00e7a, al\u00e9m de 100 contratados para fazer fiscaliza\u00e7\u00e3o, monitoramento e barreira<\/strong>\u201d, detalhou.<\/p>\n\n\n\n<p><strong>Segundo o Prefeito Marcos Santana<\/strong>, as c\u00e2meras s\u00e3o monitoradas 24 horas por dia e transmitem imagens diretamente para o Centro Integrado de Opera\u00e7\u00f5es em Seguran\u00e7a P\u00fablica (CIOSP). Um investimento necess\u00e1rio para proporcionar maior seguran\u00e7a a todos os mun\u00edcipes de S\u00e3o Crist\u00f3v\u00e3o.<\/p>\n\n\n\n<p><em><strong>Acompanhe tamb\u00e9m o SE Not\u00edcias no\u00a0<a rel=\"noreferrer noopener\" href=\"https:\/\/twitter.com\/Senoticias\" target=\"_blank\">Twitter<\/a>,\u00a0<a rel=\"noreferrer noopener\" href=\"https:\/\/www.facebook.com\/senoticias1\" target=\"_blank\">Facebook<\/a>\u00a0e no\u00a0<a rel=\"noreferrer noopener\" href=\"https:\/\/www.instagram.com\/senoticias\/\" target=\"_blank\">Instagram<\/a><\/strong><\/em><\/p>\n\n\n\n<p>Reda\u00e7\u00e3o SE Not\u00edcias, com informa\u00e7\u00f5es do ascom\/PMSC<\/p>\n","protected":false},"excerpt":{"rendered":"<p>A Prefeitura Municipal de S\u00e3o Crist\u00f3v\u00e3o, iniciou nesta semana (27), a instala\u00e7\u00e3o de c\u00e2meras de monitoramento, benef\u00edcio este que contribui com melhorias na seguran\u00e7a do munic\u00edpio. Com o intuito de garantir mais tranquilidade \u00e0 popula\u00e7\u00e3o e facilitar o trabalho das equipes de seguran\u00e7a no per\u00edodo do Festival de Artes de S\u00e3o Crist\u00f3v\u00e3o (FASC), a Prefeitura [&hellip;]<\/p>\n","protected":false},"author":6557,"featured_media":0,"comment_status":"closed","ping_status":"closed","sticky":false,"template":"","format":"standard","meta":{"footnotes":""},"categories":[15,6],"tags":[37722,6904,4589,81],"class_list":{"0":"post-134914","1":"post","2":"type-post","3":"status-publish","4":"format-standard","6":"category-destaques","7":"category-politica","8":"tag-cameras-de-monitoramento","9":"tag-fasc","10":"tag-prefeito-marcos-santana","11":"tag-prefeitura-de-sao-cristovao"},"_links":{"self":[{"href":"https:\/\/senoticias.com.br\/se\/wp-json\/wp\/v2\/posts\/134914"}],"collection":[{"href":"https:\/\/senoticias.com.br\/se\/wp-json\/wp\/v2\/posts"}],"about":[{"href":"https:\/\/senoticias.com.br\/se\/wp-json\/wp\/v2\/types\/post"}],"author":[{"embeddable":true,"href":"https:\/\/senoticias.com.br\/se\/wp-json\/wp\/v2\/users\/6557"}],"replies":[{"embeddable":true,"href":"https:\/\/senoticias.com.br\/se\/wp-json\/wp\/v2\/comments?post=134914"}],"version-history":[{"count":0,"href":"https:\/\/senoticias.com.br\/se\/wp-json\/wp\/v2\/posts\/134914\/revisions"}],"wp:attachment":[{"href":"https:\/\/senoticias.com.br\/se\/wp-json\/wp\/v2\/media?parent=134914"}],"wp:term":[{"taxonomy":"category","embeddable":true,"href":"https:\/\/senoticias.com.br\/se\/wp-json\/wp\/v2\/categories?post=134914"},{"taxonomy":"post_tag","embeddable":true,"href":"https:\/\/senoticias.com.br\/se\/wp-json\/wp\/v2\/tags?post=134914"}],"curies":[{"name":"wp","href":"https:\/\/api.w.org\/{rel}","templated":true}]}}