{"id":134913,"date":"2022-11-29T12:44:19","date_gmt":"2022-11-29T15:44:19","guid":{"rendered":"https:\/\/senoticias.com.br\/se\/?p=134913"},"modified":"2022-11-29T14:26:54","modified_gmt":"2022-11-29T17:26:54","slug":"em-sergipe-mpf-acompanha-investigacao-sobre-a-morte-do-lider-comunitario-uilson-de-sa-silva","status":"publish","type":"post","link":"https:\/\/senoticias.com.br\/se\/em-sergipe-mpf-acompanha-investigacao-sobre-a-morte-do-lider-comunitario-uilson-de-sa-silva\/","title":{"rendered":"Em Sergipe, MPF acompanha investiga\u00e7\u00e3o sobre a morte do l\u00edder comunit\u00e1rio Uilson de S\u00e1 Silva"},"content":{"rendered":"\n<p><\/p>\n\n\n\n<p>O Minist\u00e9rio P\u00fablico Federal em Sergipe informa que nesta ter\u00e7a-feira, 29 de novembro, abriu procedimento para acompanhar as investiga\u00e7\u00f5es da morte do l\u00edder comunit\u00e1rio da Comunidade Tradicional de Catadores de Mangaba de Aracaju, o senhor Uilson de S\u00e1 Silva.<\/p>\n\n\n\n<figure class=\"wp-block-image size-large\"><img loading=\"lazy\" decoding=\"async\" width=\"483\" height=\"640\" src=\"https:\/\/senoticias.com.br\/se\/wp-content\/uploads\/2013\/10\/Livia-Tinoco1.jpg\" alt=\"\" class=\"wp-image-53464\" srcset=\"https:\/\/senoticias.com.br\/se\/wp-content\/uploads\/2013\/10\/Livia-Tinoco1.jpg 483w, https:\/\/senoticias.com.br\/se\/wp-content\/uploads\/2013\/10\/Livia-Tinoco1-226x300.jpg 226w, https:\/\/senoticias.com.br\/se\/wp-content\/uploads\/2013\/10\/Livia-Tinoco1-342x453.jpg 342w, https:\/\/senoticias.com.br\/se\/wp-content\/uploads\/2013\/10\/Livia-Tinoco1-300x397.jpg 300w\" sizes=\"(max-width: 483px) 100vw, 483px\" \/><figcaption>Procuradora da Rep\u00fablica L\u00edvia Tin\u00f4co &#8211; Foto: arquivo\/MPF\/SE<\/figcaption><\/figure>\n\n\n\n<p>Desde 2019, ele estava inserido no Programa Nacional de Prote\u00e7\u00e3o a Defensores de Direitos Humanos, a pedido do MPF. Uilson de S\u00e1 Silva estava no Programa porque recebeu amea\u00e7as devido \u00e0 atua\u00e7\u00e3o na defesa do territ\u00f3rio dos catadores de mangaba em Aracaju.<\/p>\n\n\n\n<p>A procuradora da Rep\u00fablica L\u00edvia Tin\u00f4co, que estava no plant\u00e3o, ao tomar conhecimento da morte, se dirigiu ao local, conversou com a fam\u00edlia, membros da comunidade tradicional e com as autoridades presentes. A procuradora informou os fatos ao Programa de Prote\u00e7\u00e3o e pediu apoio da Pol\u00edcia Federal nas investiga\u00e7\u00f5es para elucidar as causas e circunst\u00e2ncias da morte.<\/p>\n\n\n\n<p>O procedimento aberto durante o plant\u00e3o ser\u00e1 distribu\u00eddo a um procurador da Rep\u00fablica com atua\u00e7\u00e3o na \u00e1rea criminal.<\/p>\n\n\n\n<p><em><strong>Acompanhe tamb\u00e9m o SE Not\u00edcias no\u00a0<a rel=\"noreferrer noopener\" href=\"https:\/\/twitter.com\/Senoticias\" target=\"_blank\">Twitter<\/a>,\u00a0<a rel=\"noreferrer noopener\" href=\"https:\/\/www.facebook.com\/senoticias1\" target=\"_blank\">Facebook<\/a>\u00a0e no\u00a0<a rel=\"noreferrer noopener\" href=\"https:\/\/www.instagram.com\/senoticias\/\" target=\"_blank\">Instagram<\/a><\/strong><\/em><\/p>\n\n\n\n<p><em>Assessoria de Comunica\u00e7\u00e3o<br>Minist\u00e9rio P\u00fablico Federal em Sergipe<\/em><\/p>\n","protected":false},"excerpt":{"rendered":"<p>O Minist\u00e9rio P\u00fablico Federal em Sergipe informa que nesta ter\u00e7a-feira, 29 de novembro, abriu procedimento para acompanhar as investiga\u00e7\u00f5es da morte do l\u00edder comunit\u00e1rio da Comunidade Tradicional de Catadores de Mangaba de Aracaju, o senhor Uilson de S\u00e1 Silva. Desde 2019, ele estava inserido no Programa Nacional de Prote\u00e7\u00e3o a Defensores de Direitos Humanos, a [&hellip;]<\/p>\n","protected":false},"author":6557,"featured_media":0,"comment_status":"closed","ping_status":"closed","sticky":false,"template":"","format":"standard","meta":{"footnotes":""},"categories":[15,6,1],"tags":[10546,37719,37721],"class_list":{"0":"post-134913","1":"post","2":"type-post","3":"status-publish","4":"format-standard","6":"category-destaques","7":"category-politica","8":"category-sem-categoria","9":"tag-livia-tinoco","10":"tag-procuradora-da-republica-livia-tinoco","11":"tag-uilson-de-sa-silva"},"_links":{"self":[{"href":"https:\/\/senoticias.com.br\/se\/wp-json\/wp\/v2\/posts\/134913"}],"collection":[{"href":"https:\/\/senoticias.com.br\/se\/wp-json\/wp\/v2\/posts"}],"about":[{"href":"https:\/\/senoticias.com.br\/se\/wp-json\/wp\/v2\/types\/post"}],"author":[{"embeddable":true,"href":"https:\/\/senoticias.com.br\/se\/wp-json\/wp\/v2\/users\/6557"}],"replies":[{"embeddable":true,"href":"https:\/\/senoticias.com.br\/se\/wp-json\/wp\/v2\/comments?post=134913"}],"version-history":[{"count":0,"href":"https:\/\/senoticias.com.br\/se\/wp-json\/wp\/v2\/posts\/134913\/revisions"}],"wp:attachment":[{"href":"https:\/\/senoticias.com.br\/se\/wp-json\/wp\/v2\/media?parent=134913"}],"wp:term":[{"taxonomy":"category","embeddable":true,"href":"https:\/\/senoticias.com.br\/se\/wp-json\/wp\/v2\/categories?post=134913"},{"taxonomy":"post_tag","embeddable":true,"href":"https:\/\/senoticias.com.br\/se\/wp-json\/wp\/v2\/tags?post=134913"}],"curies":[{"name":"wp","href":"https:\/\/api.w.org\/{rel}","templated":true}]}}