{"id":134910,"date":"2022-11-29T08:07:21","date_gmt":"2022-11-29T11:07:21","guid":{"rendered":"https:\/\/senoticias.com.br\/se\/?p=134910"},"modified":"2022-11-29T08:07:31","modified_gmt":"2022-11-29T11:07:31","slug":"filho-mata-pai-e-mae-com-golpes-de-faca-na-grande-aracaju","status":"publish","type":"post","link":"https:\/\/senoticias.com.br\/se\/filho-mata-pai-e-mae-com-golpes-de-faca-na-grande-aracaju\/","title":{"rendered":"Filho mata pai e m\u00e3e com golpes de faca na Grande Aracaju"},"content":{"rendered":"\n<p><\/p>\n\n\n\n<p>Um casal de idosos foi morto a facadas dentro de casa no Loteamento Guajar\u00e1, em Nossa Senhora do Socorro, na noite desta segunda-feira (28). O principal suspeito \u00e9 filho das v\u00edtimas, que sofre transtornos mentais e teria surtado no momento do crime.<\/p>\n\n\n\n<figure class=\"wp-block-image size-large\"><img loading=\"lazy\" decoding=\"async\" width=\"1024\" height=\"682\" src=\"https:\/\/senoticias.com.br\/se\/wp-content\/uploads\/2017\/06\/IML-SE-NOTICIAS-1024x682.png\" alt=\"\" class=\"wp-image-103845\"\/><figcaption>  Os corpos foram recolhidos pelo Instituto M\u00e9dico Legal &#8211; Foto: M\u00e1rcio Garcez\/arquivo<\/figcaption><\/figure>\n\n\n\n<p>Segundo relatos, o homem trabalha como frentista em um posto de combust\u00edveis, morava com os pais e j\u00e1 apresentou outros epis\u00f3dios de agressividade. Ainda n\u00e3o h\u00e1 informa\u00e7\u00e3o sobre o paradeiro dele.<\/p>\n\n\n\n<p>Os corpos foram recolhidos pelo Instituto M\u00e9dico Legal. Em nota, a Pol\u00edcia Civil informou que j\u00e1 deu in\u00edcio \u00e0s investiga\u00e7\u00f5es no Departamento de Homic\u00eddios e Prote\u00e7\u00e3o \u00e0 Pessoa (DHPP).<\/p>\n\n\n\n<p>Informa\u00e7\u00f5es relacionadas ao caso podem ser repassadas atrav\u00e9s do Disque-Den\u00fancia (181).<\/p>\n\n\n\n<p><em><strong>Acompanhe tamb\u00e9m o SE Not\u00edcias no\u00a0<a rel=\"noreferrer noopener\" href=\"https:\/\/twitter.com\/Senoticias\" target=\"_blank\">Twitter<\/a>,\u00a0<a rel=\"noreferrer noopener\" href=\"https:\/\/www.facebook.com\/senoticias1\" target=\"_blank\">Facebook<\/a>\u00a0e no\u00a0<a rel=\"noreferrer noopener\" href=\"https:\/\/www.instagram.com\/senoticias\/\" target=\"_blank\">Instagram<\/a><\/strong><\/em><\/p>\n\n\n\n<p>Fonte: A8SE.com.br<\/p>\n","protected":false},"excerpt":{"rendered":"<p>Um casal de idosos foi morto a facadas dentro de casa no Loteamento Guajar\u00e1, em Nossa Senhora do Socorro, na noite desta segunda-feira (28). O principal suspeito \u00e9 filho das v\u00edtimas, que sofre transtornos mentais e teria surtado no momento do crime. Segundo relatos, o homem trabalha como frentista em um posto de combust\u00edveis, morava [&hellip;]<\/p>\n","protected":false},"author":6557,"featured_media":0,"comment_status":"closed","ping_status":"closed","sticky":false,"template":"","format":"standard","meta":{"footnotes":""},"categories":[15,7],"tags":[37717,37718,2650,37589],"class_list":{"0":"post-134910","1":"post","2":"type-post","3":"status-publish","4":"format-standard","6":"category-destaques","7":"category-policia","8":"tag-filho-mata-pai-e-mae","9":"tag-guajara","10":"tag-nossa-senhora-do-socorro","11":"tag-violencia-2"},"_links":{"self":[{"href":"https:\/\/senoticias.com.br\/se\/wp-json\/wp\/v2\/posts\/134910"}],"collection":[{"href":"https:\/\/senoticias.com.br\/se\/wp-json\/wp\/v2\/posts"}],"about":[{"href":"https:\/\/senoticias.com.br\/se\/wp-json\/wp\/v2\/types\/post"}],"author":[{"embeddable":true,"href":"https:\/\/senoticias.com.br\/se\/wp-json\/wp\/v2\/users\/6557"}],"replies":[{"embeddable":true,"href":"https:\/\/senoticias.com.br\/se\/wp-json\/wp\/v2\/comments?post=134910"}],"version-history":[{"count":0,"href":"https:\/\/senoticias.com.br\/se\/wp-json\/wp\/v2\/posts\/134910\/revisions"}],"wp:attachment":[{"href":"https:\/\/senoticias.com.br\/se\/wp-json\/wp\/v2\/media?parent=134910"}],"wp:term":[{"taxonomy":"category","embeddable":true,"href":"https:\/\/senoticias.com.br\/se\/wp-json\/wp\/v2\/categories?post=134910"},{"taxonomy":"post_tag","embeddable":true,"href":"https:\/\/senoticias.com.br\/se\/wp-json\/wp\/v2\/tags?post=134910"}],"curies":[{"name":"wp","href":"https:\/\/api.w.org\/{rel}","templated":true}]}}