{"id":134900,"date":"2022-11-28T17:10:53","date_gmt":"2022-11-28T20:10:53","guid":{"rendered":"https:\/\/senoticias.com.br\/se\/?p=134900"},"modified":"2022-11-28T17:19:10","modified_gmt":"2022-11-28T20:19:10","slug":"sergipe-sediara-um-dos-maiores-eventos-sobre-marketing-comunicacao-e-midias-sociais-da-atualidade","status":"publish","type":"post","link":"https:\/\/senoticias.com.br\/se\/sergipe-sediara-um-dos-maiores-eventos-sobre-marketing-comunicacao-e-midias-sociais-da-atualidade\/","title":{"rendered":"Sergipe sediar\u00e1 um dos maiores eventos sobre Marketing, Comunica\u00e7\u00e3o e M\u00eddias Sociais da atualidade"},"content":{"rendered":"\n<p>No dia <strong>13 de janeiro de 2023<\/strong> acontecer\u00e1 em Aracaju, capital sergipana, uma grande Imers\u00e3o em Marketing, Comunica\u00e7\u00e3o e M\u00eddias Sociais com o tema: &#8220;Aprenda com os melhores&#8221;. A Imers\u00e3o ter\u00e1 certifica\u00e7\u00e3o e contar\u00e1 com a participa\u00e7\u00e3o de Lucimara Parisi, Fl\u00e1vio Muniz e Iran Pontes, grandes profissionais do mercado.<\/p>\n\n\n\n<figure class=\"wp-block-image size-large\"><img loading=\"lazy\" decoding=\"async\" width=\"597\" height=\"745\" src=\"https:\/\/senoticias.com.br\/se\/wp-content\/uploads\/2022\/11\/Agencia-promova-SE-noticias.jpg\" alt=\"\" class=\"wp-image-134902\" srcset=\"https:\/\/senoticias.com.br\/se\/wp-content\/uploads\/2022\/11\/Agencia-promova-SE-noticias.jpg 597w, https:\/\/senoticias.com.br\/se\/wp-content\/uploads\/2022\/11\/Agencia-promova-SE-noticias-240x300.jpg 240w\" sizes=\"(max-width: 597px) 100vw, 597px\" \/><figcaption>Evento vai acontecer no dia 13 de janeiro de 2023 &#8211; Foto arte: divulga\u00e7\u00e3o<\/figcaption><\/figure>\n\n\n\n<p>O evento tem como objetivo capacitar todos que tenham interesse em atualizar seu curr\u00edculo e de se tornar um especialista, executando um projeto pr\u00e1tico dentro de uma empresa real. O Imers\u00e3o serve para voc\u00ea que quer dominar o novo modelo de mercado e se tornar o profissional que sempre sonhou: reconhecido e altamente estrat\u00e9gico para o futuro de qualquer tipo de neg\u00f3cio.<\/p>\n\n\n\n<p>Os interessados podem realizar a inscri\u00e7\u00e3o atrav\u00e9s do site: <strong>www.agenciapromova.com.br<\/strong><\/p>\n\n\n\n<p>Para mais informa\u00e7\u00f5es: <strong>agenciapromova3@gmail.com<\/strong><\/p>\n\n\n\n<p><strong>Sobre os palestrantes<\/strong><\/p>\n\n\n\n<p><strong>Lucimara Parisi<\/strong><\/p>\n\n\n\n<p>Formada em Jornalismo, trabalhou em r\u00e1dio e televis\u00e3o como atriz, dubladora e locutora. Logo passou a atuar na produ\u00e7\u00e3o, em que se destacou em v\u00e1rios programas de r\u00e1dio, passando para TV sendo diretora do Doming\u00e3o do Faust\u00e3o desde o in\u00edcio do programa at\u00e9 abril de 2009 e em 2010 passou para o SBT para participar do programa do Ratinho, em 2016 se torna apresentadora na RBTV de um programa semanal que leva seu nome.<\/p>\n\n\n\n<p><strong>Fl\u00e1vio Muniz<\/strong><\/p>\n\n\n\n<p>\u00c9 especialista em marketing digital e refer\u00eancia na primeira p\u00e1gina do Google h\u00e1 mais de uma d\u00e9cada. <strong>\u00c9 gestor da Ag\u00eancia SEO<\/strong> Espalhando por mais de 12 anos, onde representou o Brasil na primeira turma de Online Strategie em Harvard, a melhor Universidade do mundo.<\/p>\n\n\n\n<p>\u00c9 criador de conte\u00fado no Instagram, TikTok e possui mais de 265 mil inscritos e mais de 16 milh\u00f5es de visualiza\u00e7\u00f5es em seu canal no Youtube, considerado um dos melhores profissionais de marketing digital do Brasil.<\/p>\n\n\n\n<p>Possui mais de 100 mil alunos on-line atrav\u00e9s dos cursos de p\u00f3s-gradua\u00e7\u00e3o da PUC RS online no qual \u00e9 docente.<\/p>\n\n\n\n<p><strong>Iran Pontes<\/strong><\/p>\n\n\n\n<p>Designer, especialista em comunica\u00e7\u00e3o digital e mestre em design, por um dos maiores centros de inova\u00e7\u00e3o do Brasil, cursando forma\u00e7\u00e3o Pedag\u00f3gica em licenciatura em artes visuais. Palestrante, mentor, jurado em premia\u00e7\u00f5es criativas nacionais e internacionais, professor universit\u00e1rio e da educa\u00e7\u00e3o b\u00e1sica. Fundador da Design Culture, um dos portais de Design mais conhecido de l\u00edngua portuguesa e do est\u00fadio criativo IP\/M<\/p>\n\n\n\n<p><em><strong>Acompanhe tamb\u00e9m o SE Not\u00edcias no\u00a0<a rel=\"noreferrer noopener\" href=\"https:\/\/twitter.com\/Senoticias\" target=\"_blank\">Twitter<\/a>,\u00a0<a rel=\"noreferrer noopener\" href=\"https:\/\/www.facebook.com\/senoticias1\" target=\"_blank\">Facebook<\/a>\u00a0e no\u00a0<a rel=\"noreferrer noopener\" href=\"https:\/\/www.instagram.com\/senoticias\/\" target=\"_blank\">Instagram<\/a><\/strong><\/em><\/p>\n\n\n\n<p>Da assessoria de imprensa<\/p>\n","protected":false},"excerpt":{"rendered":"<p>No dia 13 de janeiro de 2023 acontecer\u00e1 em Aracaju, capital sergipana, uma grande Imers\u00e3o em Marketing, Comunica\u00e7\u00e3o e M\u00eddias Sociais com o tema: &#8220;Aprenda com os melhores&#8221;. A Imers\u00e3o ter\u00e1 certifica\u00e7\u00e3o e contar\u00e1 com a participa\u00e7\u00e3o de Lucimara Parisi, Fl\u00e1vio Muniz e Iran Pontes, grandes profissionais do mercado. O evento tem como objetivo capacitar [&hellip;]<\/p>\n","protected":false},"author":6557,"featured_media":0,"comment_status":"closed","ping_status":"closed","sticky":false,"template":"","format":"standard","meta":{"footnotes":""},"categories":[15,1,45],"tags":[37444,37707,37709,37711,37710,37708,5537],"class_list":{"0":"post-134900","1":"post","2":"type-post","3":"status-publish","4":"format-standard","6":"category-destaques","7":"category-sem-categoria","8":"category-tecnologia","9":"tag-agencia-promova","10":"tag-comunicacao-e-midias-sociais-da-atualidade","11":"tag-flavio-muniz","12":"tag-imersao-em-marketing-e-midias-sociais","13":"tag-iran-pontes","14":"tag-lucimara-parisi","15":"tag-midias-sociais"},"_links":{"self":[{"href":"https:\/\/senoticias.com.br\/se\/wp-json\/wp\/v2\/posts\/134900"}],"collection":[{"href":"https:\/\/senoticias.com.br\/se\/wp-json\/wp\/v2\/posts"}],"about":[{"href":"https:\/\/senoticias.com.br\/se\/wp-json\/wp\/v2\/types\/post"}],"author":[{"embeddable":true,"href":"https:\/\/senoticias.com.br\/se\/wp-json\/wp\/v2\/users\/6557"}],"replies":[{"embeddable":true,"href":"https:\/\/senoticias.com.br\/se\/wp-json\/wp\/v2\/comments?post=134900"}],"version-history":[{"count":0,"href":"https:\/\/senoticias.com.br\/se\/wp-json\/wp\/v2\/posts\/134900\/revisions"}],"wp:attachment":[{"href":"https:\/\/senoticias.com.br\/se\/wp-json\/wp\/v2\/media?parent=134900"}],"wp:term":[{"taxonomy":"category","embeddable":true,"href":"https:\/\/senoticias.com.br\/se\/wp-json\/wp\/v2\/categories?post=134900"},{"taxonomy":"post_tag","embeddable":true,"href":"https:\/\/senoticias.com.br\/se\/wp-json\/wp\/v2\/tags?post=134900"}],"curies":[{"name":"wp","href":"https:\/\/api.w.org\/{rel}","templated":true}]}}