{"id":134845,"date":"2022-11-23T16:18:10","date_gmt":"2022-11-23T19:18:10","guid":{"rendered":"https:\/\/senoticias.com.br\/se\/?p=134845"},"modified":"2022-11-23T19:51:39","modified_gmt":"2022-11-23T22:51:39","slug":"nitinho-lamenta-a-situacao-da-saude-de-aracaju-faltam-acoes-energicas-para-cuidar-das-pessoas-critica","status":"publish","type":"post","link":"https:\/\/senoticias.com.br\/se\/nitinho-lamenta-a-situacao-da-saude-de-aracaju-faltam-acoes-energicas-para-cuidar-das-pessoas-critica\/","title":{"rendered":"Nitinho lamenta a situa\u00e7\u00e3o da sa\u00fade de Aracaju: \u201cFaltam a\u00e7\u00f5es en\u00e9rgicas para cuidar das pessoas\u201d, critica"},"content":{"rendered":"\n<p>Antes aliado de primeira hora do prefeito Edvaldo Nogueira (PDT), o vereador Nitinho Vitalle (PSD), presidente da C\u00e2mara Municipal de Aracaju (CMA), criticou publicamente a situa\u00e7\u00e3o da sa\u00fade de Aracaju, nesta quarta-feira, 23, durante entrevista ao programa Sergipe Verdade, na r\u00e1dio SIM FM.<\/p>\n\n\n\n<figure class=\"wp-block-image size-large\"><img loading=\"lazy\" decoding=\"async\" width=\"599\" height=\"399\" src=\"https:\/\/senoticias.com.br\/se\/wp-content\/uploads\/2022\/11\/29837-e1669230999177.jpg\" alt=\"\" class=\"wp-image-134846\"\/><figcaption>O Presidente da C\u00e2mara Municipal de Aracaju, criticou publicamente a situa\u00e7\u00e3o da sa\u00fade de Aracaju &#8211; Foto: C\u00e9sar de Oliveira\/CMA<\/figcaption><\/figure>\n\n\n\n<p>Embora tenha elogiado a atua\u00e7\u00e3o da gest\u00e3o municipal durante a pandemia da Covid-19, Nitinho fez uma s\u00e9rie de cr\u00edticas em rela\u00e7\u00e3o a sa\u00fade da capital. \u201cNo interior do estado eu vejo muitos mutir\u00f5es de cirurgias, que ajuda a acalentar o sofrimento de diversas fam\u00edlias. Em aracaju a pessoa passa de dois a tr\u00eas anos esperando por uma cirurgia. Muitas vezes falece por falta de cuidade e de a\u00e7\u00f5es mais en\u00e9rgicas para cuidar das pessoas da nossa cidade\u201d, destacou.<\/p>\n\n\n\n<p>Nitinho citou que todos os dias recebe reclama\u00e7\u00f5es da popula\u00e7\u00e3o de falta de medicamentos e itens b\u00e1sicos, como fraldas geri\u00e1tricas, nas unidades municipais de sa\u00fade, e cobrou uma atitude da gest\u00e3o municipal. \u201cA coisa tem que funcionar para todos, n\u00e3o s\u00f3 para alguns. \u00c9 preciso de mutir\u00e3o de sa\u00fade p\u00fablica para cirurgias, \u00e9 preciso ter uma aten\u00e7\u00e3o maior com a popula\u00e7\u00e3o. \u00c9 para ficar calado? Eu n\u00e3o vou. Isso \u00e9 para engrandecer a gest\u00e3o dele\u201d, disse Nitinho.<\/p>\n\n\n\n<p>Questionado sobre sua rela\u00e7\u00e3o com Edvaldo Nogueira, Nitinho garantiu que eles seguem no mesmo agrupamento. \u201cContinuo aliado, somos aliado. Somos um agrupamento pol\u00edtico, embora tenha acontecido um desentendimento para fazer o presidente da C\u00e2mara, onde todos desejavam que o vereador Ricardo vasconcellos fosse o presidente. Estou acordando a administra\u00e7\u00e3o dele para que tome provid\u00eancias na area da sa\u00fade\u201d, finalizou.<\/p>\n\n\n\n<p><em><strong>Acompanhe tamb\u00e9m o SE Not\u00edcias no\u00a0<a rel=\"noreferrer noopener\" href=\"https:\/\/twitter.com\/Senoticias\" target=\"_blank\">Twitter<\/a>,\u00a0<a rel=\"noreferrer noopener\" href=\"https:\/\/www.facebook.com\/senoticias1\" target=\"_blank\">Facebook<\/a>\u00a0e no\u00a0<a rel=\"noreferrer noopener\" href=\"https:\/\/www.instagram.com\/senoticias\/\" target=\"_blank\">Instagram<\/a><\/strong><\/em><\/p>\n\n\n\n<p>Mat\u00e9ria publicada originalmente no <strong><a href=\"https:\/\/fanf1.com.br\/politica\/2022\/11\/29837\/nitinho-lamenta-a-situacao-da-saude-de-aracaju-%E2%80%9Cfaltam-acoe.html\">Portal<\/a><\/strong> FANF1<\/p>\n","protected":false},"excerpt":{"rendered":"<p>Antes aliado de primeira hora do prefeito Edvaldo Nogueira (PDT), o vereador Nitinho Vitalle (PSD), presidente da C\u00e2mara Municipal de Aracaju (CMA), criticou publicamente a situa\u00e7\u00e3o da sa\u00fade de Aracaju, nesta quarta-feira, 23, durante entrevista ao programa Sergipe Verdade, na r\u00e1dio SIM FM. Embora tenha elogiado a atua\u00e7\u00e3o da gest\u00e3o municipal durante a pandemia da [&hellip;]<\/p>\n","protected":false},"author":6557,"featured_media":0,"comment_status":"closed","ping_status":"closed","sticky":false,"template":"","format":"standard","meta":{"footnotes":""},"categories":[15,6],"tags":[698,37670,35447],"class_list":{"0":"post-134845","1":"post","2":"type-post","3":"status-publish","4":"format-standard","6":"category-destaques","7":"category-politica","8":"tag-edvaldo-nogueira","9":"tag-nitinho-vitalle","10":"tag-saude-de-aracaju"},"_links":{"self":[{"href":"https:\/\/senoticias.com.br\/se\/wp-json\/wp\/v2\/posts\/134845"}],"collection":[{"href":"https:\/\/senoticias.com.br\/se\/wp-json\/wp\/v2\/posts"}],"about":[{"href":"https:\/\/senoticias.com.br\/se\/wp-json\/wp\/v2\/types\/post"}],"author":[{"embeddable":true,"href":"https:\/\/senoticias.com.br\/se\/wp-json\/wp\/v2\/users\/6557"}],"replies":[{"embeddable":true,"href":"https:\/\/senoticias.com.br\/se\/wp-json\/wp\/v2\/comments?post=134845"}],"version-history":[{"count":0,"href":"https:\/\/senoticias.com.br\/se\/wp-json\/wp\/v2\/posts\/134845\/revisions"}],"wp:attachment":[{"href":"https:\/\/senoticias.com.br\/se\/wp-json\/wp\/v2\/media?parent=134845"}],"wp:term":[{"taxonomy":"category","embeddable":true,"href":"https:\/\/senoticias.com.br\/se\/wp-json\/wp\/v2\/categories?post=134845"},{"taxonomy":"post_tag","embeddable":true,"href":"https:\/\/senoticias.com.br\/se\/wp-json\/wp\/v2\/tags?post=134845"}],"curies":[{"name":"wp","href":"https:\/\/api.w.org\/{rel}","templated":true}]}}