{"id":134823,"date":"2022-11-22T13:44:15","date_gmt":"2022-11-22T16:44:15","guid":{"rendered":"https:\/\/senoticias.com.br\/se\/?p=134823"},"modified":"2022-11-22T13:48:45","modified_gmt":"2022-11-22T16:48:45","slug":"morre-o-cantor-e-compositor-erasmo-carlos","status":"publish","type":"post","link":"https:\/\/senoticias.com.br\/se\/morre-o-cantor-e-compositor-erasmo-carlos\/","title":{"rendered":"Morre o cantor e compositor Erasmo Carlos"},"content":{"rendered":"\n<p>Aos 81 anos, Erasmo Carlos morreu nesta ter\u00e7a-feira, 22, no Rio de Janeiro. O cantor chegou a ser internado no Hospital Barra D\u2019Or, na Barra da Tijuca, Zona Oeste do Rio de Janeiro, mas n\u00e3o resistiu. Foi no mesmo local que ele tratou uma infec\u00e7\u00e3o pulmonar no come\u00e7o do m\u00eas. Ele passou por um quadro delicado de sa\u00fade de s\u00edndrome edemig\u00eanica, e precisou cancelar duas apresenta\u00e7\u00f5es na cidade de Miami e Orlando, nos Estados Unidos. \u201cRessuscitei no Dia de Finados e tive alta do hospital! Obrigado a Deus, a todos que cuidaram de mim, rezaram por mim e se torceram pela minha recupera\u00e7\u00e3o\u2026 Essa foto com a Fernanda traduz como estamos felizes\u201d, postou o cantor na ocasi\u00e3o em que teve alta, no feriado de 2 de novembro.<\/p>\n\n\n\n<figure class=\"wp-block-image size-large\"><img loading=\"lazy\" decoding=\"async\" width=\"588\" height=\"408\" src=\"https:\/\/senoticias.com.br\/se\/wp-content\/uploads\/2022\/11\/Morre-Erasmo-Carlos-SE-noticias.png\" alt=\"\" class=\"wp-image-134824\" srcset=\"https:\/\/senoticias.com.br\/se\/wp-content\/uploads\/2022\/11\/Morre-Erasmo-Carlos-SE-noticias.png 588w, https:\/\/senoticias.com.br\/se\/wp-content\/uploads\/2022\/11\/Morre-Erasmo-Carlos-SE-noticias-300x208.png 300w\" sizes=\"(max-width: 588px) 100vw, 588px\" \/><figcaption>Cantor passou por complica\u00e7\u00f5es de sa\u00fade h\u00e1 cerca de um m\u00eas &#8211; Foto: Reprodu\u00e7\u00e3o\/Instagram<\/figcaption><\/figure>\n\n\n\n<p>Um dos pioneiros do rock nacional, nos anos 60 fez parceria com o cantor e compositor Roberto Carlos, compondo v\u00e1rias m\u00fasicas juntos, que gravavam em seus discos em carreira solo. Seu \u00e1lbum \u2026Amor \u00c9 Isso foi eleito o d\u00e9cimo melhor disco brasileiro de 2018 e um dos 25 melhores \u00e1lbuns brasileiros do primeiro semestre de 2018 pela Associa\u00e7\u00e3o Paulista de Cr\u00edticos de Arte. Em dezembro de 2019, lan\u00e7ou o ep Quem foi que disse que eu n\u00e3o fa\u00e7o samba\u2026, dedicado a can\u00e7\u00f5es de samba e rock compostas ao longo de sua carreira.<\/p>\n\n\n\n<p>Ano passado, ao completar 80 anos, ele celebrou em casa na companhia da sua mulher, a pedagoga Fernanda Passos, e recebeu o filho Gil Eduardo, sua nora e dois netos para o momento do bolo. O outro filho, Leo Esteves, e demais netos, fizeram uma chamada de v\u00eddeo.<\/p>\n\n\n\n<p>Em 2020, assinou contrato com a Netflix, como ator protagonista no longa Modo Avi\u00e3o, juntamente com Larissa Manoela. Em fevereiro de 2021 lan\u00e7ou o \u00e1lbum O futuro pertence \u00e0\u2026 Jovem Guarda com oito can\u00e7\u00f5es dos anos 60.<\/p>\n\n\n\n<p>Boninho foi um dos primeiros a lamentar a morte do cantor nas redes sociais.<\/p>\n\n\n\n<p><em><strong>Acompanhe tamb\u00e9m o SE Not\u00edcias no\u00a0<a rel=\"noreferrer noopener\" href=\"https:\/\/twitter.com\/Senoticias\" target=\"_blank\">Twitter<\/a>,\u00a0<a rel=\"noreferrer noopener\" href=\"https:\/\/www.facebook.com\/senoticias1\" target=\"_blank\">Facebook<\/a>\u00a0e no\u00a0<a rel=\"noreferrer noopener\" href=\"https:\/\/www.instagram.com\/senoticias\/\" target=\"_blank\">Instagram<\/a><\/strong><\/em><\/p>\n\n\n\n<p>Por Valmir <strong><a href=\"https:\/\/veja.abril.com.br\/coluna\/veja-gente\/erasmo-carlos-morre-aos-81-anos-no-rio\/\">Moratelli<\/a><\/strong>, da Veja<\/p>\n","protected":false},"excerpt":{"rendered":"<p>Aos 81 anos, Erasmo Carlos morreu nesta ter\u00e7a-feira, 22, no Rio de Janeiro. O cantor chegou a ser internado no Hospital Barra D\u2019Or, na Barra da Tijuca, Zona Oeste do Rio de Janeiro, mas n\u00e3o resistiu. Foi no mesmo local que ele tratou uma infec\u00e7\u00e3o pulmonar no come\u00e7o do m\u00eas. Ele passou por um quadro [&hellip;]<\/p>\n","protected":false},"author":6557,"featured_media":0,"comment_status":"closed","ping_status":"closed","sticky":false,"template":"","format":"standard","meta":{"footnotes":""},"categories":[15,22,1],"tags":[10563,37661,37660],"class_list":{"0":"post-134823","1":"post","2":"type-post","3":"status-publish","4":"format-standard","6":"category-destaques","7":"category-famosos","8":"category-sem-categoria","9":"tag-cantor-erasmo-carlos","10":"tag-morre-erasmo-carlos","11":"tag-morre-o-cantor"},"_links":{"self":[{"href":"https:\/\/senoticias.com.br\/se\/wp-json\/wp\/v2\/posts\/134823"}],"collection":[{"href":"https:\/\/senoticias.com.br\/se\/wp-json\/wp\/v2\/posts"}],"about":[{"href":"https:\/\/senoticias.com.br\/se\/wp-json\/wp\/v2\/types\/post"}],"author":[{"embeddable":true,"href":"https:\/\/senoticias.com.br\/se\/wp-json\/wp\/v2\/users\/6557"}],"replies":[{"embeddable":true,"href":"https:\/\/senoticias.com.br\/se\/wp-json\/wp\/v2\/comments?post=134823"}],"version-history":[{"count":0,"href":"https:\/\/senoticias.com.br\/se\/wp-json\/wp\/v2\/posts\/134823\/revisions"}],"wp:attachment":[{"href":"https:\/\/senoticias.com.br\/se\/wp-json\/wp\/v2\/media?parent=134823"}],"wp:term":[{"taxonomy":"category","embeddable":true,"href":"https:\/\/senoticias.com.br\/se\/wp-json\/wp\/v2\/categories?post=134823"},{"taxonomy":"post_tag","embeddable":true,"href":"https:\/\/senoticias.com.br\/se\/wp-json\/wp\/v2\/tags?post=134823"}],"curies":[{"name":"wp","href":"https:\/\/api.w.org\/{rel}","templated":true}]}}