{"id":134798,"date":"2022-11-19T15:32:24","date_gmt":"2022-11-19T18:32:24","guid":{"rendered":"https:\/\/senoticias.com.br\/se\/?p=134798"},"modified":"2022-11-19T15:52:25","modified_gmt":"2022-11-19T18:52:25","slug":"operacao-policial-termina-com-prisao-confronto-e-12kg-de-drogas-apreendidos-em-aracaju","status":"publish","type":"post","link":"https:\/\/senoticias.com.br\/se\/operacao-policial-termina-com-prisao-confronto-e-12kg-de-drogas-apreendidos-em-aracaju\/","title":{"rendered":"Opera\u00e7\u00e3o policial termina com pris\u00e3o, confronto e 12kg de drogas apreendidos em Aracaju"},"content":{"rendered":"\n<p>Policiais militares do Batalh\u00e3o de Radiopatrulha (BPRp) deflagraram uma opera\u00e7\u00e3o de combate ao tr\u00e1fico de drogas na manh\u00e3 deste s\u00e1bado (19). Um homem foi preso e 12kg de drogas foram apreendidos no bairro S\u00e3o Conrado, em Aracaju.<\/p>\n\n\n\n<figure class=\"wp-block-image size-large\"><img loading=\"lazy\" decoding=\"async\" width=\"554\" height=\"390\" src=\"https:\/\/senoticias.com.br\/se\/wp-content\/uploads\/2022\/11\/Policia-Militar-SE-Noticias.jpg\" alt=\"\" class=\"wp-image-134799\" srcset=\"https:\/\/senoticias.com.br\/se\/wp-content\/uploads\/2022\/11\/Policia-Militar-SE-Noticias.jpg 554w, https:\/\/senoticias.com.br\/se\/wp-content\/uploads\/2022\/11\/Policia-Militar-SE-Noticias-300x211.jpg 300w\" sizes=\"(max-width: 554px) 100vw, 554px\" \/><figcaption>A\u00e7\u00e3o policial ocorreu no bairro S\u00e3o Conrado na manh\u00e3 deste s\u00e1bado, 19 &#8211; Foto: PM\/SE<\/figcaption><\/figure>\n\n\n\n<p>De acordo com as informa\u00e7\u00f5es policiais, ap\u00f3s o recebimento de den\u00fancias que informavam sobre um intenso tr\u00e1fico de drogas no bairro S\u00e3o Conrado, equipes policiais do BPRp deslocaram-se at\u00e9 a regi\u00e3o e come\u00e7aram fazer dilig\u00eancias na \u00e1rea.<\/p>\n\n\n\n<p>Durante as dilig\u00eancias, um homem, ao avistar a presen\u00e7a policial, tentou fugir do local, mas foi interceptado e abordado.<\/p>\n\n\n\n<p>O homem informou que teria tido &#8220;problemas com a Justi\u00e7a&#8221; e que por isso teria tentado fugir. Em seguida, ele indicou onde estaria o carregamento de entorpecentes, que era o mesmo que constava nas den\u00fancias recebidas pelos policiais.<\/p>\n\n\n\n<p>Equipes policiais deslocaram-se at\u00e9 o mangue e foram recebidos a tiros por homens que cuidavam da \u00e1rea utilizada para o tr\u00e1fico de drogas. Houve confronto, mas os suspeitos conseguiram fugir.<\/p>\n\n\n\n<p>No local, ap\u00f3s tomarem controle da situa\u00e7\u00e3o, os policiais encontraram no mangue, ap\u00f3s a faixa de \u00e1gua, um tonel de cor azul que estava acondicionado com, aproximadamente, 12 quilos de entorpecentes do tipo maconha.<\/p>\n\n\n\n<p>A a\u00e7\u00e3o policial resultou em um suspeito preso e em 12 quilos de material entorpecente apreendido. O homem e as drogas foram encaminhados \u00e0 Central de Flagrantes.<\/p>\n\n\n\n<p><em><strong>Acompanhe tamb\u00e9m o SE Not\u00edcias no&nbsp;<a rel=\"noreferrer noopener\" href=\"https:\/\/twitter.com\/Senoticias\" target=\"_blank\">Twitter<\/a>,&nbsp;<a rel=\"noreferrer noopener\" href=\"https:\/\/www.facebook.com\/senoticias1\" target=\"_blank\">Facebook<\/a>&nbsp;e no&nbsp;<a rel=\"noreferrer noopener\" href=\"https:\/\/www.instagram.com\/senoticias\/\" target=\"_blank\">Instagram<\/a><\/strong><\/em><\/p>\n\n\n\n<p>Fonte: SSP\/SE<\/p>\n","protected":false},"excerpt":{"rendered":"<p>Policiais militares do Batalh\u00e3o de Radiopatrulha (BPRp) deflagraram uma opera\u00e7\u00e3o de combate ao tr\u00e1fico de drogas na manh\u00e3 deste s\u00e1bado (19). Um homem foi preso e 12kg de drogas foram apreendidos no bairro S\u00e3o Conrado, em Aracaju. De acordo com as informa\u00e7\u00f5es policiais, ap\u00f3s o recebimento de den\u00fancias que informavam sobre um intenso tr\u00e1fico de [&hellip;]<\/p>\n","protected":false},"author":6557,"featured_media":0,"comment_status":"closed","ping_status":"closed","sticky":false,"template":"","format":"standard","meta":{"footnotes":""},"categories":[15,7,1],"tags":[37645,16250,37153,86],"class_list":{"0":"post-134798","1":"post","2":"type-post","3":"status-publish","4":"format-standard","6":"category-destaques","7":"category-policia","8":"category-sem-categoria","9":"tag-12-quilos-de-maconha","10":"tag-bairro-sao-conrado","11":"tag-batalhao-de-radiopatrulha","12":"tag-policia-militar"},"_links":{"self":[{"href":"https:\/\/senoticias.com.br\/se\/wp-json\/wp\/v2\/posts\/134798"}],"collection":[{"href":"https:\/\/senoticias.com.br\/se\/wp-json\/wp\/v2\/posts"}],"about":[{"href":"https:\/\/senoticias.com.br\/se\/wp-json\/wp\/v2\/types\/post"}],"author":[{"embeddable":true,"href":"https:\/\/senoticias.com.br\/se\/wp-json\/wp\/v2\/users\/6557"}],"replies":[{"embeddable":true,"href":"https:\/\/senoticias.com.br\/se\/wp-json\/wp\/v2\/comments?post=134798"}],"version-history":[{"count":0,"href":"https:\/\/senoticias.com.br\/se\/wp-json\/wp\/v2\/posts\/134798\/revisions"}],"wp:attachment":[{"href":"https:\/\/senoticias.com.br\/se\/wp-json\/wp\/v2\/media?parent=134798"}],"wp:term":[{"taxonomy":"category","embeddable":true,"href":"https:\/\/senoticias.com.br\/se\/wp-json\/wp\/v2\/categories?post=134798"},{"taxonomy":"post_tag","embeddable":true,"href":"https:\/\/senoticias.com.br\/se\/wp-json\/wp\/v2\/tags?post=134798"}],"curies":[{"name":"wp","href":"https:\/\/api.w.org\/{rel}","templated":true}]}}