{"id":134785,"date":"2022-11-17T20:52:15","date_gmt":"2022-11-17T23:52:15","guid":{"rendered":"https:\/\/senoticias.com.br\/se\/?p=134785"},"modified":"2022-11-17T20:52:20","modified_gmt":"2022-11-17T23:52:20","slug":"nat-divulga-vagas-no-setor-supermercadista","status":"publish","type":"post","link":"https:\/\/senoticias.com.br\/se\/nat-divulga-vagas-no-setor-supermercadista\/","title":{"rendered":"NAT divulga vagas no setor supermercadista"},"content":{"rendered":"\n<p>O N\u00facleo de Apoio ao Trabalho (NAT) divulga que a institui\u00e7\u00e3o est\u00e1 fazendo o encaminhamento para vagas de emprego na \u00e1rea supermercadista. O encaminhamento ocorre at\u00e9 est\u00e1 sexta-feira (18).<\/p>\n\n\n\n<p>Ao todo, s\u00e3o 18 vagas para as cidades de Aracaju e Nossa Senhora do Socorro.<\/p>\n\n\n\n<figure class=\"wp-block-image size-large\"><img loading=\"lazy\" decoding=\"async\" width=\"599\" height=\"310\" src=\"https:\/\/senoticias.com.br\/se\/wp-content\/uploads\/2022\/11\/Supermercados-SE-noticias.jpg\" alt=\"\" class=\"wp-image-134786\" srcset=\"https:\/\/senoticias.com.br\/se\/wp-content\/uploads\/2022\/11\/Supermercados-SE-noticias.jpg 599w, https:\/\/senoticias.com.br\/se\/wp-content\/uploads\/2022\/11\/Supermercados-SE-noticias-300x155.jpg 300w\" sizes=\"(max-width: 599px) 100vw, 599px\" \/><figcaption>Encaminhamento ocorre at\u00e9 est\u00e1 sexta-feira, 18 &#8211; Foto: Pexels<\/figcaption><\/figure>\n\n\n\n<p>As vagas s\u00e3o para as fun\u00e7\u00f5es de conferente (duas vagas), operador de caixa (6), repositor (6), encarregado de restaurante (2) e encarregado de perec\u00edveis (2).<\/p>\n\n\n\n<p>Para todas as vagas os requisitos s\u00e3o: ensino m\u00e9dio completo e experi\u00eancia comprovada em carteira de trabalho. O cargo de encarregado de restaurante, al\u00e9m desses requisitos, tamb\u00e9m requer experi\u00eancia com buffet.<\/p>\n\n\n\n<p>Os interessados nas vagas devem procurar a sede do NAT (das 7h \u00e0s 13h) ou os pontos de atendimento nos CEACs (das 7h \u00e0s 16h45).<\/p>\n\n\n\n<p><em><strong>Acompanhe tamb\u00e9m o SE Not\u00edcias no\u00a0<a rel=\"noreferrer noopener\" href=\"https:\/\/twitter.com\/Senoticias\" target=\"_blank\">Twitter<\/a>,\u00a0<a rel=\"noreferrer noopener\" href=\"https:\/\/www.facebook.com\/senoticias1\" target=\"_blank\">Facebook<\/a>\u00a0e no\u00a0<a rel=\"noreferrer noopener\" href=\"https:\/\/www.instagram.com\/senoticias\/\" target=\"_blank\">Instagram<\/a><\/strong><\/em><\/p>\n\n\n\n<p>Fonte: ascom\/SSP\/SE<\/p>\n","protected":false},"excerpt":{"rendered":"<p>O N\u00facleo de Apoio ao Trabalho (NAT) divulga que a institui\u00e7\u00e3o est\u00e1 fazendo o encaminhamento para vagas de emprego na \u00e1rea supermercadista. O encaminhamento ocorre at\u00e9 est\u00e1 sexta-feira (18). Ao todo, s\u00e3o 18 vagas para as cidades de Aracaju e Nossa Senhora do Socorro. As vagas s\u00e3o para as fun\u00e7\u00f5es de conferente (duas vagas), operador [&hellip;]<\/p>\n","protected":false},"author":6557,"featured_media":0,"comment_status":"closed","ping_status":"closed","sticky":false,"template":"","format":"standard","meta":{"footnotes":""},"categories":[15,6],"tags":[3254,7324,34467],"class_list":{"0":"post-134785","1":"post","2":"type-post","3":"status-publish","4":"format-standard","6":"category-destaques","7":"category-politica","8":"tag-nat","9":"tag-nucleo-de-apoio-ao-trabalho","10":"tag-vagas-de-emprego"},"_links":{"self":[{"href":"https:\/\/senoticias.com.br\/se\/wp-json\/wp\/v2\/posts\/134785"}],"collection":[{"href":"https:\/\/senoticias.com.br\/se\/wp-json\/wp\/v2\/posts"}],"about":[{"href":"https:\/\/senoticias.com.br\/se\/wp-json\/wp\/v2\/types\/post"}],"author":[{"embeddable":true,"href":"https:\/\/senoticias.com.br\/se\/wp-json\/wp\/v2\/users\/6557"}],"replies":[{"embeddable":true,"href":"https:\/\/senoticias.com.br\/se\/wp-json\/wp\/v2\/comments?post=134785"}],"version-history":[{"count":0,"href":"https:\/\/senoticias.com.br\/se\/wp-json\/wp\/v2\/posts\/134785\/revisions"}],"wp:attachment":[{"href":"https:\/\/senoticias.com.br\/se\/wp-json\/wp\/v2\/media?parent=134785"}],"wp:term":[{"taxonomy":"category","embeddable":true,"href":"https:\/\/senoticias.com.br\/se\/wp-json\/wp\/v2\/categories?post=134785"},{"taxonomy":"post_tag","embeddable":true,"href":"https:\/\/senoticias.com.br\/se\/wp-json\/wp\/v2\/tags?post=134785"}],"curies":[{"name":"wp","href":"https:\/\/api.w.org\/{rel}","templated":true}]}}