{"id":134711,"date":"2022-11-11T16:26:55","date_gmt":"2022-11-11T19:26:55","guid":{"rendered":"https:\/\/senoticias.com.br\/se\/?p=134711"},"modified":"2022-11-11T16:27:06","modified_gmt":"2022-11-11T19:27:06","slug":"marido-e-condenado-a-30-anos-de-prisao-pela-morte-de-catadora-de-mangaba-em-pirambu","status":"publish","type":"post","link":"https:\/\/senoticias.com.br\/se\/marido-e-condenado-a-30-anos-de-prisao-pela-morte-de-catadora-de-mangaba-em-pirambu\/","title":{"rendered":"Marido \u00e9 condenado a 30 anos de pris\u00e3o pela morte de catadora de mangaba em Pirambu"},"content":{"rendered":"\n<p><\/p>\n\n\n\n<p>Nesta sexta-feira (11), Jo\u00e3o Maur\u00edcio foi julgado como autor da morte da ex- companheira. O crime aconteceu no Povoado Lagoa Redonda, na cidade de Pirambu, no dia 20 de janeiro de 2020. Ele j\u00e1 havia feito amea\u00e7as e agredido a v\u00edtima em outras ocasi\u00f5es.<\/p>\n\n\n\n<figure class=\"wp-block-image size-large\"><img loading=\"lazy\" decoding=\"async\" width=\"549\" height=\"248\" src=\"https:\/\/senoticias.com.br\/se\/wp-content\/uploads\/2022\/11\/Mulher-assassianada-se-Noticias.jpg\" alt=\"\" class=\"wp-image-134712\" srcset=\"https:\/\/senoticias.com.br\/se\/wp-content\/uploads\/2022\/11\/Mulher-assassianada-se-Noticias.jpg 549w, https:\/\/senoticias.com.br\/se\/wp-content\/uploads\/2022\/11\/Mulher-assassianada-se-Noticias-300x136.jpg 300w\" sizes=\"(max-width: 549px) 100vw, 549px\" \/><figcaption>Cidineide dos Santos foi encontrada sem vida dentro de casa &#8211; Foto: arquivo\/fam\u00edlia<\/figcaption><\/figure>\n\n\n\n<p>Cidineide dos Santos, de 35 anos, foi encontrada morta dentro de casa. Desde o in\u00edcio das investiga\u00e7\u00f5es, Maur\u00edcio foi apontado como o principal suspeito, pois o casal tinha uma rela\u00e7\u00e3o conturbada e ele n\u00e3o aceitava o fim do relacionamento. Hoje, ele foi condenado a 30 anos de reclus\u00e3o, em regime fechado, pela pr\u00e1tica de homic\u00eddio triplamente qualificado contra a catadora de mangaba.<\/p>\n\n\n\n<p>Segundo as informa\u00e7\u00f5es policiais, na noite que antecedeu o crime, as filhas de Cidineide presenciaram o comportamento agressivo do acusado. Ainda, foi relatado no documento, que ap\u00f3s o assassinato, Maur\u00edcio tentou ocultar o cad\u00e1ver da v\u00edtima, n\u00e3o prestou socorro e fugiu fuga da cena do crime.<\/p>\n\n\n\n<p>\u201cO r\u00e9u, com hist\u00f3rico de viol\u00eancia contra mulheres, terminou absolvido pelos crimes de inc\u00eandio e tentativa de oculta\u00e7\u00e3o de cad\u00e1ver. Ele matou a companheira, ap\u00f3s severo espancamento, que culminou com uma tentativa de degolamento e lavou o corpo para n\u00e3o deixar vest\u00edgios. Ademais, havia cavado uma cova rasa nos fundos da casa, mas com a chegada das filhas e do filho deficiente da v\u00edtima, al\u00e9m de outros populares, desistiu de enterrar a mulher. O Poder Judici\u00e1rio entendeu que n\u00e3o havia provas para tais crimes. No ano anterior ao feminic\u00eddio, o r\u00e9u foi solto ap\u00f3s ser preso em flagrante delito pelo crime de amea\u00e7a. O mais curioso \u00e9 que o r\u00e9u, tamb\u00e9m, foi condenado por viol\u00eancia contra outra mulher. Ainda assim, foi solto, porque compreenderam que se tratava de \u2018desentendimento entre um casal que se ama\u2019\u201d, relatou a Promotora de Justi\u00e7a Rosane Gon\u00e7alves.<\/p>\n\n\n\n<p>O Juiz Rinaldo Salvino do Nascimento, que presidiu o Tribunal do J\u00fari, tornou a pena de 30 anos de reclus\u00e3o definitiva e negou o apelo de liberdade, por entender que \u201ca segrega\u00e7\u00e3o se faz necess\u00e1ria n\u00e3o s\u00f3 para a garantia, mas para restabelecimento da ordem p\u00fablica, diante da gravidade da infra\u00e7\u00e3o penal e da alt\u00edssima periculosidade do agente, posto que o fato abalou profundamente a comunidade local e, livrar-se solto seria uma est\u00edmulo \u00e0 impunidade e um desprest\u00edgio ao Poder Judici\u00e1rio\u201d.<\/p>\n\n\n\n<p><em><strong>Acompanhe tamb\u00e9m o SE Not\u00edcias no\u00a0<a rel=\"noreferrer noopener\" href=\"https:\/\/twitter.com\/Senoticias\" target=\"_blank\">Twitter<\/a>,\u00a0<a rel=\"noreferrer noopener\" href=\"https:\/\/www.facebook.com\/senoticias1\" target=\"_blank\">Facebook<\/a>\u00a0e no\u00a0<a rel=\"noreferrer noopener\" href=\"https:\/\/www.instagram.com\/senoticias\/\" target=\"_blank\">Instagram<\/a><\/strong><\/em><\/p>\n\n\n\n<p>Fonte: A8se.com.br<\/p>\n","protected":false},"excerpt":{"rendered":"<p>Nesta sexta-feira (11), Jo\u00e3o Maur\u00edcio foi julgado como autor da morte da ex- companheira. O crime aconteceu no Povoado Lagoa Redonda, na cidade de Pirambu, no dia 20 de janeiro de 2020. Ele j\u00e1 havia feito amea\u00e7as e agredido a v\u00edtima em outras ocasi\u00f5es. Cidineide dos Santos, de 35 anos, foi encontrada morta dentro de [&hellip;]<\/p>\n","protected":false},"author":6557,"featured_media":0,"comment_status":"closed","ping_status":"closed","sticky":false,"template":"","format":"standard","meta":{"footnotes":""},"categories":[15,7],"tags":[37590,35838,37591],"class_list":{"0":"post-134711","1":"post","2":"type-post","3":"status-publish","4":"format-standard","6":"category-destaques","7":"category-policia","8":"tag-catadora-de-mangaba","9":"tag-feminicidio-2","10":"tag-marido-e-condenado-a-30-anos-de-prisao"},"_links":{"self":[{"href":"https:\/\/senoticias.com.br\/se\/wp-json\/wp\/v2\/posts\/134711"}],"collection":[{"href":"https:\/\/senoticias.com.br\/se\/wp-json\/wp\/v2\/posts"}],"about":[{"href":"https:\/\/senoticias.com.br\/se\/wp-json\/wp\/v2\/types\/post"}],"author":[{"embeddable":true,"href":"https:\/\/senoticias.com.br\/se\/wp-json\/wp\/v2\/users\/6557"}],"replies":[{"embeddable":true,"href":"https:\/\/senoticias.com.br\/se\/wp-json\/wp\/v2\/comments?post=134711"}],"version-history":[{"count":0,"href":"https:\/\/senoticias.com.br\/se\/wp-json\/wp\/v2\/posts\/134711\/revisions"}],"wp:attachment":[{"href":"https:\/\/senoticias.com.br\/se\/wp-json\/wp\/v2\/media?parent=134711"}],"wp:term":[{"taxonomy":"category","embeddable":true,"href":"https:\/\/senoticias.com.br\/se\/wp-json\/wp\/v2\/categories?post=134711"},{"taxonomy":"post_tag","embeddable":true,"href":"https:\/\/senoticias.com.br\/se\/wp-json\/wp\/v2\/tags?post=134711"}],"curies":[{"name":"wp","href":"https:\/\/api.w.org\/{rel}","templated":true}]}}