{"id":134629,"date":"2022-11-06T20:31:35","date_gmt":"2022-11-06T23:31:35","guid":{"rendered":"https:\/\/senoticias.com.br\/se\/?p=134629"},"modified":"2022-11-06T20:32:06","modified_gmt":"2022-11-06T23:32:06","slug":"apos-noticia-falsa-sobre-internacao-lula-volta-a-sao-paulo-depois-de-folga-na-bahia","status":"publish","type":"post","link":"https:\/\/senoticias.com.br\/se\/apos-noticia-falsa-sobre-internacao-lula-volta-a-sao-paulo-depois-de-folga-na-bahia\/","title":{"rendered":"Ap\u00f3s not\u00edcia falsa sobre interna\u00e7\u00e3o, Lula volta a S\u00e3o Paulo depois de folga na Bahia"},"content":{"rendered":"\n<p><\/p>\n\n\n\n<p>O presidente eleito, Luiz In\u00e1cio Lula da Silva (PT), desembarcou em S\u00e3o Paulo na noite de s\u00e1bado depois de quatro dias de descanso descanso ao lado da esposa, a soci\u00f3loga Ros\u00e2ngela da Silva, a Janja, nos arredores de Cara\u00edva, extremo sul da Bahia. Ap\u00f3s o &#8216;sumi\u00e7o&#8217; nas redes sociais, Lula, mais uma vez, foi alvo de uma s\u00e9rie de not\u00edcias falsas sobre seu estado de sa\u00fade, prontamente desmentida pela assessoria de imprensa partido.<\/p>\n\n\n\n<p>Nos \u00faltimos dois dias, apoiadores do presidente Jair Bolsonaro (PL) t\u00eam compartilhando, nas redes sociais e aplicativos de mensagens, informa\u00e7\u00f5es de sobre um suposto infarto ou Acidente Vascular Cerebral (AVC) sofrido por Lula, que teria sido levado para o hospital S\u00edrio Liban\u00eas, em S\u00e3o Paulo. <strong>Todas as not\u00edcias s\u00e3o falsas.<\/strong><\/p>\n\n\n\n<figure class=\"wp-block-image size-large\"><img loading=\"lazy\" decoding=\"async\" width=\"595\" height=\"369\" src=\"https:\/\/senoticias.com.br\/se\/wp-content\/uploads\/2022\/11\/Lula-na-Bahia-SE-Noticias.png\" alt=\"\" class=\"wp-image-134630\" srcset=\"https:\/\/senoticias.com.br\/se\/wp-content\/uploads\/2022\/11\/Lula-na-Bahia-SE-Noticias.png 595w, https:\/\/senoticias.com.br\/se\/wp-content\/uploads\/2022\/11\/Lula-na-Bahia-SE-Noticias-300x186.png 300w, https:\/\/senoticias.com.br\/se\/wp-content\/uploads\/2022\/11\/Lula-na-Bahia-SE-Noticias-308x192.png 308w\" sizes=\"(max-width: 595px) 100vw, 595px\" \/><figcaption>Ap\u00f3s a folga de quatro dias na Bahia ao lado da esposa, Janja, Lula n\u00e3o tem agenda prevista para este domingo &#8211; Foto: NELSON ALMEIDA \/ AFP<\/figcaption><\/figure>\n\n\n\n<p>A realidade \u00e9 que o presidente eleito inicia oficialmente nesta segunda-feira, 7, as reuni\u00f5es de transi\u00e7\u00e3o de governo. No per\u00edodo de folga em Porto Seguro, Lula manteve contatos com a c\u00fapula do partido para fechar os nomes da equipe de transi\u00e7\u00e3o, que ser\u00e3o anunciados a partir desta segunda, com 12 pol\u00edticos e 38 t\u00e9cnicos.<\/p>\n\n\n\n<p>Lula deve se reunir com o vice-presidente eleito, Geraldo Alckmin (PSB), que coordena os trabalhos de transi\u00e7\u00e3o com apoio da presidente nacional do PT, Gleisi Hoffmann, e do ex-ministro Aloizio Mercadante. O trio foi designado pelo petista na \u00faltima ter\u00e7a-feira para conduzir as conversas iniciais sobre transi\u00e7\u00e3o com o governo Bolsonaro.<\/p>\n\n\n\n<p>Na pr\u00f3xima ter\u00e7a, Lula \u00e9 aguardado em Bras\u00edlia, onde integrantes da transi\u00e7\u00e3o passar\u00e3o a se reunir para iniciar os trabalhos no Centro Cultural do Banco do Brasil, em Bras\u00edlia. A Pol\u00edcia Federal vai refor\u00e7ar a seguran\u00e7a no local com a chegada do presidente eleito.<\/p>\n\n\n\n<p><em><strong>Acompanhe tamb\u00e9m o SE Not\u00edcias no\u00a0<a rel=\"noreferrer noopener\" href=\"https:\/\/twitter.com\/Senoticias\" target=\"_blank\">Twitter<\/a>,\u00a0<a rel=\"noreferrer noopener\" href=\"https:\/\/www.facebook.com\/senoticias1\" target=\"_blank\">Facebook<\/a>\u00a0e no\u00a0<a rel=\"noreferrer noopener\" href=\"https:\/\/www.instagram.com\/senoticias\/\" target=\"_blank\">Instagram<\/a><\/strong><\/em><\/p>\n\n\n\n<p>Fonte: <strong><a href=\"https:\/\/odia.ig.com.br\/eleicoes\/2022\/11\/6518195-apos-noticia-falsa-sobre-internacao-lula-volta-a-sao-paulo-depois-de-folga-na-bahia.html\">O Dia<\/a><\/strong><\/p>\n","protected":false},"excerpt":{"rendered":"<p>O presidente eleito, Luiz In\u00e1cio Lula da Silva (PT), desembarcou em S\u00e3o Paulo na noite de s\u00e1bado depois de quatro dias de descanso descanso ao lado da esposa, a soci\u00f3loga Ros\u00e2ngela da Silva, a Janja, nos arredores de Cara\u00edva, extremo sul da Bahia. Ap\u00f3s o &#8216;sumi\u00e7o&#8217; nas redes sociais, Lula, mais uma vez, foi alvo [&hellip;]<\/p>\n","protected":false},"author":6557,"featured_media":0,"comment_status":"closed","ping_status":"closed","sticky":false,"template":"","format":"standard","meta":{"footnotes":""},"categories":[15,2961],"tags":[37549,90,37550],"class_list":{"0":"post-134629","1":"post","2":"type-post","3":"status-publish","4":"format-standard","6":"category-destaques","7":"category-nacional","8":"tag-janja","9":"tag-lula","10":"tag-lula-na-bahia"},"_links":{"self":[{"href":"https:\/\/senoticias.com.br\/se\/wp-json\/wp\/v2\/posts\/134629"}],"collection":[{"href":"https:\/\/senoticias.com.br\/se\/wp-json\/wp\/v2\/posts"}],"about":[{"href":"https:\/\/senoticias.com.br\/se\/wp-json\/wp\/v2\/types\/post"}],"author":[{"embeddable":true,"href":"https:\/\/senoticias.com.br\/se\/wp-json\/wp\/v2\/users\/6557"}],"replies":[{"embeddable":true,"href":"https:\/\/senoticias.com.br\/se\/wp-json\/wp\/v2\/comments?post=134629"}],"version-history":[{"count":0,"href":"https:\/\/senoticias.com.br\/se\/wp-json\/wp\/v2\/posts\/134629\/revisions"}],"wp:attachment":[{"href":"https:\/\/senoticias.com.br\/se\/wp-json\/wp\/v2\/media?parent=134629"}],"wp:term":[{"taxonomy":"category","embeddable":true,"href":"https:\/\/senoticias.com.br\/se\/wp-json\/wp\/v2\/categories?post=134629"},{"taxonomy":"post_tag","embeddable":true,"href":"https:\/\/senoticias.com.br\/se\/wp-json\/wp\/v2\/tags?post=134629"}],"curies":[{"name":"wp","href":"https:\/\/api.w.org\/{rel}","templated":true}]}}