{"id":134565,"date":"2022-11-01T13:39:54","date_gmt":"2022-11-01T16:39:54","guid":{"rendered":"https:\/\/senoticias.com.br\/se\/?p=134565"},"modified":"2022-11-01T13:39:59","modified_gmt":"2022-11-01T16:39:59","slug":"seguranca-publica-apresenta-planejamento-para-o-pre-caju-2022","status":"publish","type":"post","link":"https:\/\/senoticias.com.br\/se\/seguranca-publica-apresenta-planejamento-para-o-pre-caju-2022\/","title":{"rendered":"Seguran\u00e7a P\u00fablica apresenta planejamento para o Pr\u00e9-Caju 2022"},"content":{"rendered":"\n<p>Foi apresentado, em entrevista coletiva realizada na manh\u00e3 desta ter\u00e7a-feira (1\u00ba), o planejamento estrat\u00e9gico de atua\u00e7\u00e3o das institui\u00e7\u00f5es vinculadas \u00e0 Secretaria da Seguran\u00e7a P\u00fablica (SSP\/SE) no Pr\u00e9-Caju 2022. A festa contar\u00e1 com equipes do Corpo de Bombeiros e tamb\u00e9m das pol\u00edcias Civil e Militar. O Pr\u00e9-Caju 2022 ocorre entre a sexta-feira (4) e o domingo (6), na Orla de Atalaia, em Aracaju.<\/p>\n\n\n\n<figure class=\"wp-block-image size-large\"><img loading=\"lazy\" decoding=\"async\" width=\"589\" height=\"332\" src=\"https:\/\/senoticias.com.br\/se\/wp-content\/uploads\/2022\/11\/Seguranaca-PreCaju2022-se-noticias.jpg\" alt=\"\" class=\"wp-image-134566\" srcset=\"https:\/\/senoticias.com.br\/se\/wp-content\/uploads\/2022\/11\/Seguranaca-PreCaju2022-se-noticias.jpg 589w, https:\/\/senoticias.com.br\/se\/wp-content\/uploads\/2022\/11\/Seguranaca-PreCaju2022-se-noticias-300x169.jpg 300w\" sizes=\"(max-width: 589px) 100vw, 589px\" \/><figcaption>Equipes do Corpo de Bombeiros, Pol\u00edcia Militar e Pol\u00edcia Civil estar\u00e3o atuando na garantia da seguran\u00e7a dos sergipanos e turistas &#8211; Foto: SSP\/SE<\/figcaption><\/figure>\n\n\n\n<p>A entrevista coletiva contou com a participa\u00e7\u00e3o de representantes da SSPSE, da organiza\u00e7\u00e3o da festa e do governador Belivaldo Chagas.<\/p>\n\n\n\n<p>A Pol\u00edcia Militar contar\u00e1 com 1,3 mil policiais atuando nos tr\u00eas dias de festa. \u201cEsse efetivo estar\u00e1 dividido em policiamento perif\u00e9rico, acompanhamento dos trens, cabine de desarmamento, posto de controle e opera\u00e7\u00e3o com drones. \u00c9 uma opera\u00e7\u00e3o muito grande, e estamos nos preparando para dar tranquilidade ao sergipano e ao turista para que possa curtir a festa\u201d, destacou o coronel Marcony Cabral, comandante da Pol\u00edcia Militar.<\/p>\n\n\n\n<p>A Pol\u00edcia Civil estar\u00e1 atuando com o plant\u00e3o da Delegacia de Turismo (Detur) e tamb\u00e9m com o reconhecimento facial. \u201cTemos uma tecnologia nova que ajuda muito na preven\u00e7\u00e3o de crimes. A Detur estar\u00e1 funcionando das 7h da sexta-feira \u00e0s 7h da segunda-feira. Tamb\u00e9m temos o plant\u00e3o do DAGV, de local de crime do DHPP e a Central de Flagrantes\u201d, explicou o delegado-geral, Thiago Leandro.<\/p>\n\n\n\n<p>O Corpo de Bombeiros ter\u00e1 um efetivo de mais de 200 militares. \u201cComo a festa \u00e9 na Orla de Atalaia, tamb\u00e9m estamos refor\u00e7ando as equipes de salva-vidas. Estaremos com viaturas estrategicamente localizadas nos setores que definimos nesse planejamento. A opera\u00e7\u00e3o \u00e9 para podermos garantir a seguran\u00e7a dos foli\u00f5es que estar\u00e3o percorrendo a localidade no per\u00edodo\u201d, evidenciou o comandante do Corpo de Bombeiros, coronel Alexandre Jos\u00e9.<\/p>\n\n\n\n<p>O secret\u00e1rio da seguran\u00e7a p\u00fablica, Jo\u00e3o Eloy, destacou o compromisso da SSPSE com a seguran\u00e7a da festa. &#8220;Atuamos h\u00e1 poucos dias nas elei\u00e7\u00f5es e j\u00e1 estamos prontos tamb\u00e9m para a atua\u00e7\u00e3o no Pr\u00e9-Caju 2022. Dedicamos o nosso trabalho na elei\u00e7\u00e3o e j\u00e1 estamos mobilizados para a seguran\u00e7a desse evento que movimenta a economia do nosso estado&#8221;, ressaltou.<\/p>\n\n\n\n<p>O idealizador do Pr\u00e9-Caju, Fabiano Oliveira, considerou o planejamento de atua\u00e7\u00e3o da SSP como essencial para a realiza\u00e7\u00e3o da festa. \u201cO turismo de Sergipe agradece. O trade tur\u00edstico com toda sua cadeia produtiva. Temos esse compromisso e planejamento executado pela SSP. Vamos movimentar mais de 70 setores da economia, gerando empregos e aumentando a divulga\u00e7\u00e3o de Sergipe\u201d, concluiu.<\/p>\n\n\n\n<p><em><strong>Acompanhe tamb\u00e9m o SE Not\u00edcias no\u00a0<a rel=\"noreferrer noopener\" href=\"https:\/\/twitter.com\/Senoticias\" target=\"_blank\">Twitter<\/a>,\u00a0<a rel=\"noreferrer noopener\" href=\"https:\/\/www.facebook.com\/senoticias1\" target=\"_blank\">Facebook<\/a>\u00a0e no\u00a0<a rel=\"noreferrer noopener\" href=\"https:\/\/www.instagram.com\/senoticias\/\" target=\"_blank\">Instagram<\/a><\/strong><\/em><\/p>\n\n\n\n<p>Fonte: SSP\/SE<\/p>\n","protected":false},"excerpt":{"rendered":"<p>Foi apresentado, em entrevista coletiva realizada na manh\u00e3 desta ter\u00e7a-feira (1\u00ba), o planejamento estrat\u00e9gico de atua\u00e7\u00e3o das institui\u00e7\u00f5es vinculadas \u00e0 Secretaria da Seguran\u00e7a P\u00fablica (SSP\/SE) no Pr\u00e9-Caju 2022. A festa contar\u00e1 com equipes do Corpo de Bombeiros e tamb\u00e9m das pol\u00edcias Civil e Militar. O Pr\u00e9-Caju 2022 ocorre entre a sexta-feira (4) e o domingo [&hellip;]<\/p>\n","protected":false},"author":6557,"featured_media":0,"comment_status":"closed","ping_status":"closed","sticky":false,"template":"","format":"standard","meta":{"footnotes":""},"categories":[15,6],"tags":[539,78,86,36123,3687],"class_list":{"0":"post-134565","1":"post","2":"type-post","3":"status-publish","4":"format-standard","6":"category-destaques","7":"category-politica","8":"tag-corpo-de-bombeiros","9":"tag-policia-civil","10":"tag-policia-militar","11":"tag-pre-caju-2022","12":"tag-seguranca-publica"},"_links":{"self":[{"href":"https:\/\/senoticias.com.br\/se\/wp-json\/wp\/v2\/posts\/134565"}],"collection":[{"href":"https:\/\/senoticias.com.br\/se\/wp-json\/wp\/v2\/posts"}],"about":[{"href":"https:\/\/senoticias.com.br\/se\/wp-json\/wp\/v2\/types\/post"}],"author":[{"embeddable":true,"href":"https:\/\/senoticias.com.br\/se\/wp-json\/wp\/v2\/users\/6557"}],"replies":[{"embeddable":true,"href":"https:\/\/senoticias.com.br\/se\/wp-json\/wp\/v2\/comments?post=134565"}],"version-history":[{"count":0,"href":"https:\/\/senoticias.com.br\/se\/wp-json\/wp\/v2\/posts\/134565\/revisions"}],"wp:attachment":[{"href":"https:\/\/senoticias.com.br\/se\/wp-json\/wp\/v2\/media?parent=134565"}],"wp:term":[{"taxonomy":"category","embeddable":true,"href":"https:\/\/senoticias.com.br\/se\/wp-json\/wp\/v2\/categories?post=134565"},{"taxonomy":"post_tag","embeddable":true,"href":"https:\/\/senoticias.com.br\/se\/wp-json\/wp\/v2\/tags?post=134565"}],"curies":[{"name":"wp","href":"https:\/\/api.w.org\/{rel}","templated":true}]}}