{"id":134560,"date":"2022-10-31T22:04:47","date_gmt":"2022-11-01T01:04:47","guid":{"rendered":"https:\/\/senoticias.com.br\/se\/?p=134560"},"modified":"2022-10-31T22:39:39","modified_gmt":"2022-11-01T01:39:39","slug":"justica-ordena-que-policia-libere-rodovias-bloqueadas-em-6-estados","status":"publish","type":"post","link":"https:\/\/senoticias.com.br\/se\/justica-ordena-que-policia-libere-rodovias-bloqueadas-em-6-estados\/","title":{"rendered":"Justi\u00e7a ordena PRF a acabar com protesto de caminhoneiros em todo Brasil"},"content":{"rendered":"\n<p><\/p>\n\n\n\n<p><\/p>\n\n\n\n<p>Decis\u00f5es da Justi\u00e7a Federal determinam a libera\u00e7\u00e3o de rodovias bloqueadas por caminhoneiros bolsonaristas em seis estados. A for\u00e7as policiais dever\u00e3o liberar as estradas federais no Rio de Janeiro, Rio Grande do Sul, Paran\u00e1, Mato Grosso do Sul, Goi\u00e1s e Par\u00e1 \u2014na noite de hoje, havia 148 interdi\u00e7\u00f5es e 95 bloqueios em vias federais em todos os estados brasileiros e Distrito Federal. Estradas estaduais tamb\u00e9m registravam pontos de bloqueio. Os pedidos foram feitos pela AGU (Advocacia Geral da Rep\u00fablica).<\/p>\n\n\n\n<figure class=\"wp-block-image size-large\"><img loading=\"lazy\" decoding=\"async\" width=\"584\" height=\"389\" src=\"https:\/\/senoticias.com.br\/se\/wp-content\/uploads\/2022\/10\/Bloqueio-dos-caminhoneiros-SE-noticias.jpg\" alt=\"\" class=\"wp-image-134561\" srcset=\"https:\/\/senoticias.com.br\/se\/wp-content\/uploads\/2022\/10\/Bloqueio-dos-caminhoneiros-SE-noticias.jpg 584w, https:\/\/senoticias.com.br\/se\/wp-content\/uploads\/2022\/10\/Bloqueio-dos-caminhoneiros-SE-noticias-300x200.jpg 300w, https:\/\/senoticias.com.br\/se\/wp-content\/uploads\/2022\/10\/Bloqueio-dos-caminhoneiros-SE-noticias-90x60.jpg 90w, https:\/\/senoticias.com.br\/se\/wp-content\/uploads\/2022\/10\/Bloqueio-dos-caminhoneiros-SE-noticias-180x120.jpg 180w, https:\/\/senoticias.com.br\/se\/wp-content\/uploads\/2022\/10\/Bloqueio-dos-caminhoneiros-SE-noticias-95x64.jpg 95w\" sizes=\"(max-width: 584px) 100vw, 584px\" \/><figcaption>Bloqueio de caminhoneiros na rodovia Presidente Dutra, no Rio &#8211; Foto: Lola Ferreira\/ UOL<\/figcaption><\/figure>\n\n\n\n<p>No Rio de Janeiro, o juiz federal Iorio Siqueira D&#8217;Alessandri Forti, do plant\u00e3o judici\u00e1rio, determinou que as for\u00e7as policiais liberem todas as rodovias federais do estado. Elas tamb\u00e9m devem identificar os respons\u00e1veis pelos bloqueios, contra os quais ser\u00e1 aplicada multa de R$ 5.000 por cada obra de descumprimento da decis\u00e3o judicial. As pol\u00edcias tamb\u00e9m dever\u00e3o identificar os caminhoneiros envolvidos e seus ve\u00edculos.<\/p>\n\n\n\n<p>De acordo com o magistrado, &#8220;o estado tem o dever de respeitar a liberdade de reuni\u00e3o e de manifesta\u00e7\u00e3o, desde que o exerc\u00edcio desta liberdade seja pac\u00edfica, sem armas, n\u00e3o frustre outra manifesta\u00e7\u00e3o anteriormente convocada para o mesmo local, e que ocorra em locais abertos ao p\u00fablico, sem ferir direitos de outras pessoas&#8221;.<\/p>\n\n\n\n<p>Determina\u00e7\u00e3o parecida ocorreu no Rio Grande do Sul, onde o juiz federal Carlos Felipe Komorowski determinou a aplica\u00e7\u00e3o de multa de R$ 10 mil para pessoas f\u00edsicas e de R$ 100 mil para empresas que desrespeitem a decis\u00e3o. A multa ser\u00e1 duplicada a cada hora de descumprimento.<\/p>\n\n\n\n<p>No Paran\u00e1, a ju\u00edza federal substituta Soraia Tullio ordenou a libera\u00e7\u00e3o das estradas e determinou multa di\u00e1ria de R$ 10 mil em caso de desrespeito \u00e0 decis\u00e3o. J\u00e1 no Mato Grosso do Sul, o magistrado Daniel Chiarett autorizou que a PRF e a PF usem a for\u00e7a em caso de necessidade para liberar as rodovias e estabeleceu multa di\u00e1ria de R$ 10 mil por pessoa f\u00edsica e de R$ 100 mil por empresa para quem insistir em realizar bloqueios.<\/p>\n\n\n\n<p>No caso do Par\u00e1, a Justi\u00e7a determinou a libera\u00e7\u00e3o imediata das BRs 163, 010, 230 e 155, sob pena de multa de R$ 1.000 para pessoas f\u00edsicas e de R$ 10 mil para empresas a cada hora de descumprimento. Caso a PRF n\u00e3o consiga cumprir a decis\u00e3o sozinha, o juiz federal Ruy Dias de Souza Filho autoriza o apoio do Batalh\u00e3o de Choque da Pol\u00edcia Militar.<\/p>\n\n\n\n<p>Em Goi\u00e1s, a Justi\u00e7a Federal determinou a libera\u00e7\u00e3o de todas as rodovias do estado e fixou multa de R$ 10 mil por pessoa f\u00edsica e de R$ 100 mil por pessoa jur\u00eddica, caso a decis\u00e3o n\u00e3o seja cumprida.<\/p>\n\n\n\n<p>Caminhoneiros defendem golpe de estado. Ap\u00f3s a derrota do presidente Jair Bolsonaro (PL) nas urnas, caminhoneiros fecharam trechos de rodovias em todas as unidades da federa\u00e7\u00e3o para contestar o resultado das elei\u00e7\u00f5es. Eles reproduzem falsamente teorias da conspira\u00e7\u00e3o a respeito de fraude eleitoral, narrativa repetida sistematicamente pelo pr\u00f3prio presidente ao longo dos \u00faltimos anos.<\/p>\n\n\n\n<p>As a\u00e7\u00f5es s\u00e3o articuladas por meio de grupos no aplicativo de mensagens Telegram, sem que lideran\u00e7as claras se apresentem.<\/p>\n\n\n\n<p>Pessoas n\u00e3o identificadas criam o grupo e fixam uma mensagem padronizada orientando os caminhoneiros a paralisar rodovias e vias de acesso \u00e0s cidades, com instru\u00e7\u00f5es sobre locais e hor\u00e1rios. Em seguida, apagam as contas no aplicativo para dificultar a identifica\u00e7\u00e3o pelas autoridades.<\/p>\n\n\n\n<p>MPF cobra PRF. O MPF (Minist\u00e9rio P\u00fablico Federal), por meio da C\u00e2mara de Controle Externo da Atividade Policial e Sistema Prisional, enviou hoje um of\u00edcio ao diretor-geral da PRF (Pol\u00edcia Rodovi\u00e1ria Federal), Silvinei Vasques, pedindo informa\u00e7\u00f5es sobre as provid\u00eancias que est\u00e3o sendo adotadas para garantir a manuten\u00e7\u00e3o do fluxo nas rodovias federais. O of\u00edcio fixa prazo de 24 horas para resposta.<\/p>\n\n\n\n<p>&#8220;Tendo em vista not\u00edcias veiculadas sobre o bloqueio das rodovias federais por caminhoneiros em todo o pa\u00eds, como forma de protesto aos resultados das elei\u00e7\u00f5es para presidente do Brasil, solicito a Vossa Excel\u00eancia informa\u00e7\u00f5es sobre as provid\u00eancias que est\u00e3o sendo adotadas pela Pol\u00edcia Rodovi\u00e1ria Federal para garantir a manuten\u00e7\u00e3o do fluxo nas rodovias federais, dentre elas a rela\u00e7\u00e3o completa dos bloqueios e as respectivas a\u00e7\u00f5es empreendidas pelo \u00f3rg\u00e3o em cada caso&#8221;, diz o texto.<\/p>\n\n\n\n<p>No Rio de Janeiro, o MPF (Minist\u00e9rio P\u00fablico Federal) deu 12 horas para a Superintend\u00eancia da PRF no estado explicar que provid\u00eancias est\u00e1 adotando para conter os bloqueios de rodovias.<\/p>\n\n\n\n<p>De acordo com o \u00faltimo balan\u00e7o, s\u00f3 no Rio de Janeiro h\u00e1 10 bloqueios totais ou parciais de rodovias, al\u00e9m de outros pontos com concentra\u00e7\u00e3o de pessoas sem preju\u00edzos ao tr\u00e2nsito.<\/p>\n\n\n\n<p>Chama aten\u00e7\u00e3o que parte dos bloqueios envolve um n\u00famero pequeno de manifestantes. Em tr\u00eas casos, grupos entre dez e 20 pessoas conseguiram interditar totalmente rodovias.<\/p>\n\n\n\n<p>Outro grupo de dez pessoas chegou a afetar o tr\u00e2nsito na Ponte Rio-Niter\u00f3i por 16 minutos, de acordo com a PRF.<\/p>\n\n\n\n<p>Inicialmente, a PRF informou por meio de sua assessoria de comunica\u00e7\u00e3o que os bloqueios n\u00e3o foram debelados por conta de uma recomenda\u00e7\u00e3o do MPR-RJ. Contudo, o MPF nega ter feito qualquer manifesta\u00e7\u00e3o nesse sentido, tendo apenas pedido as informa\u00e7\u00f5es sobre as provid\u00eancias adotadas.<\/p>\n\n\n\n<p>Ap\u00f3s o of\u00edcio do procurador da Rep\u00fablica Eduardo Benones, respons\u00e1vel pelo controle externo da atividade policial, se tornar p\u00fablico, a PRF recuou na afirma\u00e7\u00e3o.<\/p>\n\n\n\n<p><em><strong>Acompanhe tamb\u00e9m o SE Not\u00edcias no\u00a0<a rel=\"noreferrer noopener\" href=\"https:\/\/twitter.com\/Senoticias\" target=\"_blank\">Twitter<\/a>,\u00a0<a rel=\"noreferrer noopener\" href=\"https:\/\/www.facebook.com\/senoticias1\" target=\"_blank\">Facebook<\/a>\u00a0e no\u00a0<a rel=\"noreferrer noopener\" href=\"https:\/\/www.instagram.com\/senoticias\/\" target=\"_blank\">Instagram<\/a><\/strong><\/em><\/p>\n\n\n\n<p>Fonte: Leonardo Sakamoto e Igor Mello, Colunista do <strong><a href=\"https:\/\/noticias.uol.com.br\/eleicoes\/2022\/10\/31\/rj-justica-ordena-que-policia-libere-rodovia-bloqueada-por-caminhoneiros.htm\">UOL<\/a><\/strong>, em S\u00e3o Paulo, e do UOL, no Rio<\/p>\n","protected":false},"excerpt":{"rendered":"<p>Decis\u00f5es da Justi\u00e7a Federal determinam a libera\u00e7\u00e3o de rodovias bloqueadas por caminhoneiros bolsonaristas em seis estados. A for\u00e7as policiais dever\u00e3o liberar as estradas federais no Rio de Janeiro, Rio Grande do Sul, Paran\u00e1, Mato Grosso do Sul, Goi\u00e1s e Par\u00e1 \u2014na noite de hoje, havia 148 interdi\u00e7\u00f5es e 95 bloqueios em vias federais em todos [&hellip;]<\/p>\n","protected":false},"author":6557,"featured_media":0,"comment_status":"closed","ping_status":"closed","sticky":false,"template":"","format":"standard","meta":{"footnotes":""},"categories":[15,2961],"tags":[37511,37513,37512],"class_list":{"0":"post-134560","1":"post","2":"type-post","3":"status-publish","4":"format-standard","6":"category-destaques","7":"category-nacional","8":"tag-liberacao-de-rodovias-bloqueadas","9":"tag-rodovias-bloqueadas","10":"tag-rodovias-bloqueadas-por-caminhoneiros-bolsonaristas"},"_links":{"self":[{"href":"https:\/\/senoticias.com.br\/se\/wp-json\/wp\/v2\/posts\/134560"}],"collection":[{"href":"https:\/\/senoticias.com.br\/se\/wp-json\/wp\/v2\/posts"}],"about":[{"href":"https:\/\/senoticias.com.br\/se\/wp-json\/wp\/v2\/types\/post"}],"author":[{"embeddable":true,"href":"https:\/\/senoticias.com.br\/se\/wp-json\/wp\/v2\/users\/6557"}],"replies":[{"embeddable":true,"href":"https:\/\/senoticias.com.br\/se\/wp-json\/wp\/v2\/comments?post=134560"}],"version-history":[{"count":0,"href":"https:\/\/senoticias.com.br\/se\/wp-json\/wp\/v2\/posts\/134560\/revisions"}],"wp:attachment":[{"href":"https:\/\/senoticias.com.br\/se\/wp-json\/wp\/v2\/media?parent=134560"}],"wp:term":[{"taxonomy":"category","embeddable":true,"href":"https:\/\/senoticias.com.br\/se\/wp-json\/wp\/v2\/categories?post=134560"},{"taxonomy":"post_tag","embeddable":true,"href":"https:\/\/senoticias.com.br\/se\/wp-json\/wp\/v2\/tags?post=134560"}],"curies":[{"name":"wp","href":"https:\/\/api.w.org\/{rel}","templated":true}]}}