{"id":134558,"date":"2022-10-31T20:22:30","date_gmt":"2022-10-31T23:22:30","guid":{"rendered":"https:\/\/senoticias.com.br\/se\/?p=134558"},"modified":"2022-11-01T06:03:01","modified_gmt":"2022-11-01T09:03:01","slug":"em-sergipe-viatura-da-prf-e-queimada-por-populares-apos-se-envolver-em-acidente-com-morte-de-um-homem","status":"publish","type":"post","link":"https:\/\/senoticias.com.br\/se\/em-sergipe-viatura-da-prf-e-queimada-por-populares-apos-se-envolver-em-acidente-com-morte-de-um-homem\/","title":{"rendered":"Em Sergipe, viatura da PRF \u00e9 queimada por populares ap\u00f3s se envolver em acidente com morte de um homem"},"content":{"rendered":"\n<p><\/p>\n\n\n\n<p>Por volta das 15h desta segunda-feira, 31, uma viatura da Pol\u00edcia Rodovi\u00e1ria Federal (PRF) foi queimada por populares ap\u00f3s se envolver em um acidente na cidade de Carira, distante 108 Km de Aracaju. Segundo populares, Elzeral Lima de Jesus, de 52 anos, morreu ap\u00f3s ser atingido pela viatura.<\/p>\n\n\n\n<figure class=\"wp-block-image size-large\"><img loading=\"lazy\" decoding=\"async\" width=\"589\" height=\"332\" src=\"https:\/\/senoticias.com.br\/se\/wp-content\/uploads\/2022\/10\/Protesto-em-carira-SE-Noticias.jpg\" alt=\"\" class=\"wp-image-134559\" srcset=\"https:\/\/senoticias.com.br\/se\/wp-content\/uploads\/2022\/10\/Protesto-em-carira-SE-Noticias.jpg 589w, https:\/\/senoticias.com.br\/se\/wp-content\/uploads\/2022\/10\/Protesto-em-carira-SE-Noticias-300x169.jpg 300w\" sizes=\"(max-width: 589px) 100vw, 589px\" \/><figcaption>Segundo informa\u00e7\u00f5es de populares, a v\u00edtima n\u00e3o resistiu e morreu no local &#8211; Foto: leitor SE Not\u00edcias<\/figcaption><\/figure>\n\n\n\n<p>O homem estava em uma moto quando aconteceu a colis\u00e3o com a viatura da PRF, que estava descaracterizada. <\/p>\n\n\n\n<p>De acordo com a Pol\u00edcia Militar de Carira, os agentes que trabalham no posto fiscal da Secretaria da Fazenda do munic\u00edpio foram os primeiros a chegarem no local do acidente. Em seguida, uma outra equipe da PM foi ao local para prestar apoio, que isolou o espa\u00e7o e retirou os PRFs do local devido \u00e0 revolta da popula\u00e7\u00e3o.<\/p>\n\n\n\n<p>Revoltados, populares teriam ateado fogo no ve\u00edculo. A PRF confirmou o acidente, mas n\u00e3o quis detalhar o ocorrido, disse que vai se manifestar por meio de nota posteriormente.<\/p>\n\n\n\n<p><em><strong>Acompanhe tamb\u00e9m o SE Not\u00edcias no&nbsp;<a rel=\"noreferrer noopener\" href=\"https:\/\/twitter.com\/Senoticias\" target=\"_blank\">Twitter<\/a>,&nbsp;<a rel=\"noreferrer noopener\" href=\"https:\/\/www.facebook.com\/senoticias1\" target=\"_blank\">Facebook<\/a>&nbsp;e no&nbsp;<a rel=\"noreferrer noopener\" href=\"https:\/\/www.instagram.com\/senoticias\/\" target=\"_blank\">Instagram<\/a><\/strong><\/em><\/p>\n\n\n\n<p>Reda\u00e7\u00e3o com informa\u00e7\u00f5es do A8SE<\/p>\n","protected":false},"excerpt":{"rendered":"<p>Por volta das 15h desta segunda-feira, 31, uma viatura da Pol\u00edcia Rodovi\u00e1ria Federal (PRF) foi queimada por populares ap\u00f3s se envolver em um acidente na cidade de Carira, distante 108 Km de Aracaju. Segundo populares, Elzeral Lima de Jesus, de 52 anos, morreu ap\u00f3s ser atingido pela viatura. O homem estava em uma moto quando [&hellip;]<\/p>\n","protected":false},"author":6557,"featured_media":0,"comment_status":"closed","ping_status":"closed","sticky":false,"template":"","format":"standard","meta":{"footnotes":""},"categories":[15,7],"tags":[803,4155,77],"class_list":{"0":"post-134558","1":"post","2":"type-post","3":"status-publish","4":"format-standard","6":"category-destaques","7":"category-policia","8":"tag-carira","9":"tag-policia-rodoviaria-federal","10":"tag-prf"},"_links":{"self":[{"href":"https:\/\/senoticias.com.br\/se\/wp-json\/wp\/v2\/posts\/134558"}],"collection":[{"href":"https:\/\/senoticias.com.br\/se\/wp-json\/wp\/v2\/posts"}],"about":[{"href":"https:\/\/senoticias.com.br\/se\/wp-json\/wp\/v2\/types\/post"}],"author":[{"embeddable":true,"href":"https:\/\/senoticias.com.br\/se\/wp-json\/wp\/v2\/users\/6557"}],"replies":[{"embeddable":true,"href":"https:\/\/senoticias.com.br\/se\/wp-json\/wp\/v2\/comments?post=134558"}],"version-history":[{"count":0,"href":"https:\/\/senoticias.com.br\/se\/wp-json\/wp\/v2\/posts\/134558\/revisions"}],"wp:attachment":[{"href":"https:\/\/senoticias.com.br\/se\/wp-json\/wp\/v2\/media?parent=134558"}],"wp:term":[{"taxonomy":"category","embeddable":true,"href":"https:\/\/senoticias.com.br\/se\/wp-json\/wp\/v2\/categories?post=134558"},{"taxonomy":"post_tag","embeddable":true,"href":"https:\/\/senoticias.com.br\/se\/wp-json\/wp\/v2\/tags?post=134558"}],"curies":[{"name":"wp","href":"https:\/\/api.w.org\/{rel}","templated":true}]}}