{"id":134554,"date":"2022-10-31T18:39:57","date_gmt":"2022-10-31T21:39:57","guid":{"rendered":"https:\/\/senoticias.com.br\/se\/?p=134554"},"modified":"2022-10-31T19:05:23","modified_gmt":"2022-10-31T22:05:23","slug":"operacao-da-policia-civil-flagra-desmanche-ilegal-de-motocicletas-em-aracaju","status":"publish","type":"post","link":"https:\/\/senoticias.com.br\/se\/operacao-da-policia-civil-flagra-desmanche-ilegal-de-motocicletas-em-aracaju\/","title":{"rendered":"Opera\u00e7\u00e3o da Pol\u00edcia Civil  flagra desmanche ilegal de motocicletas em Aracaju"},"content":{"rendered":"\n<p>Equipes da Divis\u00e3o de Roubos e Furtos de Ve\u00edculos (DRFV), da Pol\u00edcia Civil de Sergipe, identificaram um local de desmanche de motocicletas com restri\u00e7\u00e3o de roubo ou furto no bairro Manoel Preto, na Zona Norte de Aracaju. A a\u00e7\u00e3o policial foi divulgada nesta segunda-feira (31).<\/p>\n\n\n\n<figure class=\"wp-block-image size-large\"><img loading=\"lazy\" decoding=\"async\" width=\"600\" height=\"399\" src=\"https:\/\/senoticias.com.br\/se\/wp-content\/uploads\/2022\/10\/Furtos-de-veiculos-SE-noticias.jpeg\" alt=\"\" class=\"wp-image-134557\" srcset=\"https:\/\/senoticias.com.br\/se\/wp-content\/uploads\/2022\/10\/Furtos-de-veiculos-SE-noticias.jpeg 600w, https:\/\/senoticias.com.br\/se\/wp-content\/uploads\/2022\/10\/Furtos-de-veiculos-SE-noticias-300x200.jpeg 300w, https:\/\/senoticias.com.br\/se\/wp-content\/uploads\/2022\/10\/Furtos-de-veiculos-SE-noticias-90x60.jpeg 90w, https:\/\/senoticias.com.br\/se\/wp-content\/uploads\/2022\/10\/Furtos-de-veiculos-SE-noticias-180x120.jpeg 180w, https:\/\/senoticias.com.br\/se\/wp-content\/uploads\/2022\/10\/Furtos-de-veiculos-SE-noticias-95x64.jpeg 95w\" sizes=\"(max-width: 600px) 100vw, 600px\" \/><figcaption>A\u00e7\u00e3o resultou em pris\u00e3o e apreens\u00e3o de ve\u00edculos &#8211; Foto: ascom\/SSP\/SE<\/figcaption><\/figure>\n\n\n\n<p>De acordo com o delegado Kassio Viana, uma pessoa, propriet\u00e1ria da casa, foi presa na opera\u00e7\u00e3o. &#8220;Quatro motocicletas foram recuperadas, e a per\u00edcia foi chamada ao local. Os ve\u00edculos e a pessoa presa foram encaminhados \u00e0 delegacia&#8221;, detalhou.<\/p>\n\n\n\n<p>Dos ve\u00edculos, duas motocicletas foram recuperadas quase que por inteiro, conforme o delegado. &#8220;No caso das outras duas, algumas pe\u00e7as foram recuperadas. E tamb\u00e9m j\u00e1 havia pe\u00e7as em caixas para a venda&#8221;, acrescentou.<\/p>\n\n\n\n<p>Kassio Viana informou que as motocicletas encontradas em bom estado ser\u00e3o devolvidas \u00e0s v\u00edtimas. &#8220;As demais ser\u00e3o provas para a investiga\u00e7\u00e3o que seguir\u00e1 sobre os respectivos casos de roubo e furto e desmanche de ve\u00edculos&#8221;, mencionou.<\/p>\n\n\n\n<p>A pessoa presa na a\u00e7\u00e3o policial foi encaminhada \u00e0 Central de Flagrantes. &#8220;O flagrante foi feito, e informa\u00e7\u00f5es complementares foram colhidas no local e servir\u00e3o de base para a investiga\u00e7\u00e3o e pris\u00e3o dos demais envolvidos no crime&#8221;, completou.<\/p>\n\n\n\n<p><em><strong>Quer receber as principais not\u00edcias do<\/strong>\u00a0<strong>SE Not\u00edcias<\/strong>\u00a0<strong>no seu<\/strong>\u00a0<strong>WhatsApp?<\/strong>\u00a0<strong><a href=\"https:\/\/api.whatsapp.com\/send?phone=5579991715289\">Clique aqui<\/a><\/strong>.<\/em><\/p>\n\n\n\n<p>A Pol\u00edcia Civil solicita que informa\u00e7\u00f5es e den\u00fancias sobre crimes como o de furto e roubo de motocicletas, assim como o de recepta\u00e7\u00e3o desses ve\u00edculos, sejam repassadas \u00e0 pol\u00edcia por meio do Disque-Den\u00fancia (181). O sigilo \u00e9 garantido.<\/p>\n\n\n\n<p><em><strong>Acompanhe tamb\u00e9m o SE Not\u00edcias no\u00a0<a rel=\"noreferrer noopener\" href=\"https:\/\/twitter.com\/Senoticias\" target=\"_blank\">Twitter<\/a>,\u00a0<a rel=\"noreferrer noopener\" href=\"https:\/\/www.facebook.com\/senoticias1\" target=\"_blank\">Facebook<\/a>\u00a0e no\u00a0<a rel=\"noreferrer noopener\" href=\"https:\/\/www.instagram.com\/senoticias\/\" target=\"_blank\">Instagram<\/a><\/strong><\/em><\/p>\n\n\n\n<p>Fonte: Pol\u00edcia Civil<\/p>\n","protected":false},"excerpt":{"rendered":"<p>Equipes da Divis\u00e3o de Roubos e Furtos de Ve\u00edculos (DRFV), da Pol\u00edcia Civil de Sergipe, identificaram um local de desmanche de motocicletas com restri\u00e7\u00e3o de roubo ou furto no bairro Manoel Preto, na Zona Norte de Aracaju. A a\u00e7\u00e3o policial foi divulgada nesta segunda-feira (31). De acordo com o delegado Kassio Viana, uma pessoa, propriet\u00e1ria [&hellip;]<\/p>\n","protected":false},"author":6557,"featured_media":0,"comment_status":"closed","ping_status":"closed","sticky":false,"template":"","format":"standard","meta":{"footnotes":""},"categories":[15,7,1],"tags":[37509,37510,12151,78],"class_list":{"0":"post-134554","1":"post","2":"type-post","3":"status-publish","4":"format-standard","6":"category-destaques","7":"category-policia","8":"category-sem-categoria","9":"tag-delegado-kassio-viana-2","10":"tag-desmanche-ilegal-de-motocicletas","11":"tag-operacao-da-policia-civil","12":"tag-policia-civil"},"_links":{"self":[{"href":"https:\/\/senoticias.com.br\/se\/wp-json\/wp\/v2\/posts\/134554"}],"collection":[{"href":"https:\/\/senoticias.com.br\/se\/wp-json\/wp\/v2\/posts"}],"about":[{"href":"https:\/\/senoticias.com.br\/se\/wp-json\/wp\/v2\/types\/post"}],"author":[{"embeddable":true,"href":"https:\/\/senoticias.com.br\/se\/wp-json\/wp\/v2\/users\/6557"}],"replies":[{"embeddable":true,"href":"https:\/\/senoticias.com.br\/se\/wp-json\/wp\/v2\/comments?post=134554"}],"version-history":[{"count":0,"href":"https:\/\/senoticias.com.br\/se\/wp-json\/wp\/v2\/posts\/134554\/revisions"}],"wp:attachment":[{"href":"https:\/\/senoticias.com.br\/se\/wp-json\/wp\/v2\/media?parent=134554"}],"wp:term":[{"taxonomy":"category","embeddable":true,"href":"https:\/\/senoticias.com.br\/se\/wp-json\/wp\/v2\/categories?post=134554"},{"taxonomy":"post_tag","embeddable":true,"href":"https:\/\/senoticias.com.br\/se\/wp-json\/wp\/v2\/tags?post=134554"}],"curies":[{"name":"wp","href":"https:\/\/api.w.org\/{rel}","templated":true}]}}