{"id":134550,"date":"2022-10-31T10:57:49","date_gmt":"2022-10-31T13:57:49","guid":{"rendered":"https:\/\/senoticias.com.br\/se\/?p=134550"},"modified":"2022-10-31T10:58:00","modified_gmt":"2022-10-31T13:58:00","slug":"com-foco-no-mercado-de-trabalho-carreta-do-senac-se-ofertara-cursos-e-oficinas-de-gastronomia-durante-o-natal-iluminado","status":"publish","type":"post","link":"https:\/\/senoticias.com.br\/se\/com-foco-no-mercado-de-trabalho-carreta-do-senac-se-ofertara-cursos-e-oficinas-de-gastronomia-durante-o-natal-iluminado\/","title":{"rendered":"Com foco no mercado de trabalho, carreta do Senac\/SE ofertar\u00e1 cursos e oficinas de gastronomia durante o Natal Iluminado"},"content":{"rendered":"\n<p>Para quem est\u00e1 pensando em ganhar um dinheiro extra neste final de ano, a partir do dia 9 de novembro j\u00e1 pode participar dos cursos de comidas natalinas que ser\u00e3o ofertados pelo Servi\u00e7o Nacional de Aprendizagem Comercial \u2013 Senac\/SE, dentro da programa\u00e7\u00e3o do Natal Iluminado. Com dura\u00e7\u00e3o de 4 horas, as aulas ser\u00e3o ministradas na carreta, que j\u00e1 no dia 1\u00ba de novembro come\u00e7a a ser preparada, ao lado do Restaurante Senac Bistr\u00f4 Cacique Ch\u00e1, no Centro de Aracaju.<\/p>\n\n\n\n<figure class=\"wp-block-image size-large\"><img loading=\"lazy\" decoding=\"async\" width=\"300\" height=\"300\" src=\"https:\/\/senoticias.com.br\/se\/wp-content\/uploads\/2022\/10\/WhatsApp-Image-2022-10-31-at-09.57.52-1.jpeg\" alt=\"\" class=\"wp-image-134551\" srcset=\"https:\/\/senoticias.com.br\/se\/wp-content\/uploads\/2022\/10\/WhatsApp-Image-2022-10-31-at-09.57.52-1.jpeg 300w, https:\/\/senoticias.com.br\/se\/wp-content\/uploads\/2022\/10\/WhatsApp-Image-2022-10-31-at-09.57.52-1-150x150.jpeg 150w\" sizes=\"(max-width: 300px) 100vw, 300px\" \/><figcaption>\nCarreta do Senac\/SE ofertar\u00e1 cursos e oficinas de gastronomia durante o Natal Iluminado &#8211; Foto: ascom\/Senac\n<\/figcaption><\/figure>\n\n\n\n<p>\u201cAs oficinas foram pensadas com o objetivo de que os participantes possam ter uma renda extra, produzindo alimentos natalinos. Tamb\u00e9m teremos oficinas para crian\u00e7as, com dura\u00e7\u00e3o de 4 horas, e alguns cursos com um tempo maior de dura\u00e7\u00e3o, 15h, que s\u00e3o o de barista, de preparo de ceias natalinas e de vinhos e harmoniza\u00e7\u00f5es\u201d, explica Rafael Ramos, gerente do N\u00facleo de Desenvolvimento e Inova\u00e7\u00e3o Educacional (NDIE).<\/p>\n\n\n\n<p>Al\u00e9m de ativar o empreendedorismo, o desafio deste ano \u00e9 superar a oferta, em termos de cursos e oficinas, em 2021.<\/p>\n\n\n\n<p>\u201cTivemos v\u00e1rias reuni\u00f5es com a equipe do Senac com o objetivo de definir os cursos mais interessantes a serem ofertados neste per\u00edodo, pensando inclusive nas crian\u00e7as, para que passem a conhecer um pouco do que o Senac tem a oferecer. Os participantes poder\u00e3o conhecer os cursos de gastronomia que o Senac disp\u00f5e. Temos uma diversidade muito grande nessa \u00e1rea\u201d, destacou Adalberto de Souto, gerente da Divis\u00e3o de Educa\u00e7\u00e3o Profissional (DEP).<\/p>\n\n\n\n<p>Ser\u00e3o disponibilizadas 23 oficinas para adultos e tr\u00eas para crian\u00e7as, e tr\u00eas cursos, com capacidade para 10 participantes por turma, a partir do dia 9 de novembro at\u00e9 o dia 22 de dezembro. As aulas ser\u00e3o ministradas por instrutores do Senac, pela manh\u00e3 e tarde.<\/p>\n\n\n\n<p>As inscri\u00e7\u00f5es para os cursos j\u00e1 est\u00e3o abertas e podem ser feitas presencialmente na unidade Senac Aracaju, na Central de atendimento com acesso pela Rua Vila Cristina, n. 81.<\/p>\n\n\n\n<p><strong>Oficinas<\/strong><\/p>\n\n\n\n<p>Finger food; Canap\u00e9s; Tortas Salgadas; Preparo de Quiches; P\u00e3es Artesanais; P\u00e3es sem gl\u00faten; P\u00e3o de Mel para festa; Biscoitos decorados (com Pasta Americana); Sobremesas em ta\u00e7as e travessas; Tortas Noffees; Panetones doces e Salgados; Bolos de Rolo e rocambole; Sobremesa Expressa; Copo da felicidade; Trufas Natalinas; Tarte Festiva; Brownie; Caseirinhos gourmet; Cookies Natalinos; Decora\u00e7\u00e3o Tem\u00e1tica em Pasta americana (Natalina); Decora\u00e7\u00e3o Tem\u00e1tica em chantininho (Natalina); Bolos Natalinos sem a\u00e7\u00facar, e Drinks da Esta\u00e7\u00e3o.<\/p>\n\n\n\n<p><strong>Oficinas Kids<\/strong><\/p>\n\n\n\n<p>Ma\u00e7\u00e3s e pirulitos decorados; Cupcakes doces e salgados, e Cookies Natalinos.<\/p>\n\n\n\n<p><strong>Cursos<\/strong><\/p>\n\n\n\n<p>Vinhos e Harmoniza\u00e7\u00f5es; T\u00e9cnicas de Barista, e Preparo de Ceias Natalinas.<\/p>\n\n\n\n<p><strong>Natal Iluminado<\/strong><\/p>\n\n\n\n<p>Realizado pelo Sistema Fecom\u00e9rcio\/Sesc\/Senac em parceria com a Prefeitura de Aracaju, o Natal Iluminado j\u00e1 \u00e9 um per\u00edodo esperado pelos sergipanos e turistas que visitam o Estado. Com o tema \u201cFam\u00edlia, amor e paz\u201d, a abertura oficial do evento acontecer\u00e1 no in\u00edcio da noite do dia 19 de novembro.<\/p>\n\n\n\n<p>Ascom Senac\/SE<\/p>\n","protected":false},"excerpt":{"rendered":"<p>Para quem est\u00e1 pensando em ganhar um dinheiro extra neste final de ano, a partir do dia 9 de novembro j\u00e1 pode participar dos cursos de comidas natalinas que ser\u00e3o ofertados pelo Servi\u00e7o Nacional de Aprendizagem Comercial \u2013 Senac\/SE, dentro da programa\u00e7\u00e3o do Natal Iluminado. Com dura\u00e7\u00e3o de 4 horas, as aulas ser\u00e3o ministradas na [&hellip;]<\/p>\n","protected":false},"author":6557,"featured_media":0,"comment_status":"closed","ping_status":"closed","sticky":false,"template":"","format":"standard","meta":{"footnotes":""},"categories":[15,38],"tags":[6781,37506,3021],"class_list":{"0":"post-134550","1":"post","2":"type-post","3":"status-publish","4":"format-standard","6":"category-destaques","7":"category-municipios","8":"tag-natal-iluminado","9":"tag-oficinas-de-gastronomia","10":"tag-senac"},"_links":{"self":[{"href":"https:\/\/senoticias.com.br\/se\/wp-json\/wp\/v2\/posts\/134550"}],"collection":[{"href":"https:\/\/senoticias.com.br\/se\/wp-json\/wp\/v2\/posts"}],"about":[{"href":"https:\/\/senoticias.com.br\/se\/wp-json\/wp\/v2\/types\/post"}],"author":[{"embeddable":true,"href":"https:\/\/senoticias.com.br\/se\/wp-json\/wp\/v2\/users\/6557"}],"replies":[{"embeddable":true,"href":"https:\/\/senoticias.com.br\/se\/wp-json\/wp\/v2\/comments?post=134550"}],"version-history":[{"count":0,"href":"https:\/\/senoticias.com.br\/se\/wp-json\/wp\/v2\/posts\/134550\/revisions"}],"wp:attachment":[{"href":"https:\/\/senoticias.com.br\/se\/wp-json\/wp\/v2\/media?parent=134550"}],"wp:term":[{"taxonomy":"category","embeddable":true,"href":"https:\/\/senoticias.com.br\/se\/wp-json\/wp\/v2\/categories?post=134550"},{"taxonomy":"post_tag","embeddable":true,"href":"https:\/\/senoticias.com.br\/se\/wp-json\/wp\/v2\/tags?post=134550"}],"curies":[{"name":"wp","href":"https:\/\/api.w.org\/{rel}","templated":true}]}}