{"id":134548,"date":"2022-10-31T10:50:00","date_gmt":"2022-10-31T13:50:00","guid":{"rendered":"https:\/\/senoticias.com.br\/se\/?p=134548"},"modified":"2022-10-31T10:54:10","modified_gmt":"2022-10-31T13:54:10","slug":"cancer-de-prostata-mata-mais-de-16-mil-homens-no-brasil","status":"publish","type":"post","link":"https:\/\/senoticias.com.br\/se\/cancer-de-prostata-mata-mais-de-16-mil-homens-no-brasil\/","title":{"rendered":"C\u00e2ncer de pr\u00f3stata mata mais de 16 mil homens no Brasil"},"content":{"rendered":"\n<p>O c\u00e2ncer de pr\u00f3stata \u00e9 o tipo mais incidente no homem, e o segundo que mais mata, atr\u00e1s apenas do c\u00e2ncer de pulm\u00e3o. No ano passado, 16.055 homens morreram em consequ\u00eancia do c\u00e2ncer de pr\u00f3stata no pa\u00eds, o que corresponde a cerca de 44 mortes por dia. Dados do Sistema de Informa\u00e7\u00e3o sobre Mortalidade do Minist\u00e9rio da Sa\u00fade revelam que, de 2019 a 2021, foram mais de 47 mil mortes associadas a doen\u00e7a. Ir ao m\u00e9dico, fazer exames de rotina, manter uma dieta alimentar saud\u00e1vel e praticar atividade f\u00edsica regularmente. Essas tarefas n\u00e3o s\u00e3o f\u00e1ceis de serem executadas pela maioria dos homens. Isso \u00e9 fato!<\/p>\n\n\n\n<figure class=\"wp-block-image size-large\"><img loading=\"lazy\" decoding=\"async\" width=\"400\" height=\"400\" src=\"https:\/\/senoticias.com.br\/se\/wp-content\/uploads\/2022\/10\/WhatsApp-Image-2022-10-31-at-09.26.39-1.jpeg\" alt=\"\" class=\"wp-image-134549\" srcset=\"https:\/\/senoticias.com.br\/se\/wp-content\/uploads\/2022\/10\/WhatsApp-Image-2022-10-31-at-09.26.39-1.jpeg 400w, https:\/\/senoticias.com.br\/se\/wp-content\/uploads\/2022\/10\/WhatsApp-Image-2022-10-31-at-09.26.39-1-300x300.jpeg 300w, https:\/\/senoticias.com.br\/se\/wp-content\/uploads\/2022\/10\/WhatsApp-Image-2022-10-31-at-09.26.39-1-150x150.jpeg 150w\" sizes=\"(max-width: 400px) 100vw, 400px\" \/><figcaption>Os homens que chegam aos 80 anos, a estimativa \u00e9 que 80% deles v\u00e3o ter c\u00e2ncer de pr\u00f3stata\u201d, ressaltou o oncologista cl\u00ednico Thiago Menezes &#8211; Foto: ascom\/divulga\u00e7\u00e3o<\/figcaption><\/figure>\n\n\n\n<p>Diante deste comportamento resistente a equipe m\u00e9dica de oncologistas e urologistas das cl\u00ednicas Onco Hematos e Homo, que integram a Rede AMO &#8211; Assist\u00eancia Multidisciplinar em Oncologia, estar\u00e1 realizando a\u00e7\u00f5es durante todo o m\u00eas de novembro, dentro do \u201cNovembro Azul\u201d.<\/p>\n\n\n\n<p>A campanha tem o objetivo de conscientiz\u00e1-los e alert\u00e1-los para import\u00e2ncia de que \u201cCuidar da sa\u00fade \u00e9 coisa de homem, sim senhor!\u201d, afirmou o urologista Breno Amaral, explicando que \u00e9 necess\u00e1rio acabar com o preconceito e tabu em torno, principalmente, dos exames que precisam ser realizados pelo homem para detec\u00e7\u00e3o do c\u00e2ncer de pr\u00f3stata, entre eles o exame de toque. \u201cCom o diagn\u00f3stico precoce as taxas de cura s\u00e3o em torno de 90%&#8221;.<\/p>\n\n\n\n<p>Segundo dados do Instituto Nacional do C\u00e2ncer (Inca), s\u00e3o esperados 65.840 novos casos de c\u00e2ncer de pr\u00f3stata em 2022. J\u00e1 em Sergipe, foram registrados em 2020, 1.060 casos de c\u00e2ncer de pr\u00f3stata, segundo dados do INCA.<\/p>\n\n\n\n<p>\u201cO c\u00e2ncer de pr\u00f3stata \u00e9 uma realidade mundial, principalmente pelo envelhecimento da popula\u00e7\u00e3o. Os homens que chegam aos 80 anos, a estimativa \u00e9 que 80% deles v\u00e3o ter c\u00e2ncer de pr\u00f3stata\u201d, ressaltou o oncologista cl\u00ednico Thiago Menezes, complementando que, com o acesso aos exames e diagn\u00f3stico precoce, a maioria dos casos \u00e9 trat\u00e1vel.<\/p>\n\n\n\n<p>\u201cCom a realiza\u00e7\u00e3o da dosagem de PSA, a resson\u00e2ncia magn\u00e9tica, s\u00e3o feitos mais diagn\u00f3sticos. Estamos avan\u00e7ando tamb\u00e9m na melhora da sobrevida e do tratamento desses pacientes. Apesar dos casos estarem aumentam, isso devido tamb\u00e9m a realiza\u00e7\u00e3o dos exames com mais frequ\u00eancia, hoje temos mais controle da doen\u00e7a, e as mais avan\u00e7adas, que exigem cirurgia, temos avan\u00e7os nas t\u00e9cnicas, como a cirurgia rob\u00f3tica, e com t\u00e9cnica mais modernas de radioterapia, com preserva\u00e7\u00e3o de tecidos\u201d, explica o oncologista.<\/p>\n\n\n\n<p><strong>Novembro Azul<\/strong><\/p>\n\n\n\n<p>O Museu da Gente Sergipana ficar\u00e1 iluminado de azul, durante todo o m\u00eas de novembro, para chamar aten\u00e7\u00e3o sobre a import\u00e2ncia do diagn\u00f3stico precoce do c\u00e2ncer de pr\u00f3stata, atrav\u00e9s da Campanha Novembro Azul. Essa \u00e9 uma parceria firmada entre as cl\u00ednicas Onco Hematos e Homo \/Rede AMO \u2013 Assist\u00eancia Multidisciplinar em Oncologia e o Instituto Banese.<\/p>\n\n\n\n<p><strong>Exercite-se<\/strong><\/p>\n\n\n\n<p>Uma das a\u00e7\u00f5es ser\u00e1 a continuidade do Exercite-se, um projeto que tem por objetivo levar pacientes e o p\u00fablico em geral a refletir sobre a import\u00e2ncia da atividade f\u00edsica para uma vida saud\u00e1vel e preven\u00e7\u00e3o de doen\u00e7as, entre elas o c\u00e2ncer.<\/p>\n\n\n\n<p>Fonte: Ascom\/Onco Hematos<\/p>\n","protected":false},"excerpt":{"rendered":"<p>O c\u00e2ncer de pr\u00f3stata \u00e9 o tipo mais incidente no homem, e o segundo que mais mata, atr\u00e1s apenas do c\u00e2ncer de pulm\u00e3o. No ano passado, 16.055 homens morreram em consequ\u00eancia do c\u00e2ncer de pr\u00f3stata no pa\u00eds, o que corresponde a cerca de 44 mortes por dia. Dados do Sistema de Informa\u00e7\u00e3o sobre Mortalidade do [&hellip;]<\/p>\n","protected":false},"author":6557,"featured_media":0,"comment_status":"closed","ping_status":"closed","sticky":false,"template":"","format":"standard","meta":{"footnotes":""},"categories":[15,2961],"tags":[12600,4075,1304],"class_list":{"0":"post-134548","1":"post","2":"type-post","3":"status-publish","4":"format-standard","6":"category-destaques","7":"category-nacional","8":"tag-cancer-de-prostata","9":"tag-medicina","10":"tag-saude"},"_links":{"self":[{"href":"https:\/\/senoticias.com.br\/se\/wp-json\/wp\/v2\/posts\/134548"}],"collection":[{"href":"https:\/\/senoticias.com.br\/se\/wp-json\/wp\/v2\/posts"}],"about":[{"href":"https:\/\/senoticias.com.br\/se\/wp-json\/wp\/v2\/types\/post"}],"author":[{"embeddable":true,"href":"https:\/\/senoticias.com.br\/se\/wp-json\/wp\/v2\/users\/6557"}],"replies":[{"embeddable":true,"href":"https:\/\/senoticias.com.br\/se\/wp-json\/wp\/v2\/comments?post=134548"}],"version-history":[{"count":0,"href":"https:\/\/senoticias.com.br\/se\/wp-json\/wp\/v2\/posts\/134548\/revisions"}],"wp:attachment":[{"href":"https:\/\/senoticias.com.br\/se\/wp-json\/wp\/v2\/media?parent=134548"}],"wp:term":[{"taxonomy":"category","embeddable":true,"href":"https:\/\/senoticias.com.br\/se\/wp-json\/wp\/v2\/categories?post=134548"},{"taxonomy":"post_tag","embeddable":true,"href":"https:\/\/senoticias.com.br\/se\/wp-json\/wp\/v2\/tags?post=134548"}],"curies":[{"name":"wp","href":"https:\/\/api.w.org\/{rel}","templated":true}]}}