{"id":134526,"date":"2022-10-29T19:36:10","date_gmt":"2022-10-29T22:36:10","guid":{"rendered":"https:\/\/senoticias.com.br\/se\/?p=134526"},"modified":"2022-10-29T19:40:11","modified_gmt":"2022-10-29T22:40:11","slug":"flamengo-vence-o-athletico-pr-e-conquista-o-tri-da-libertadores","status":"publish","type":"post","link":"https:\/\/senoticias.com.br\/se\/flamengo-vence-o-athletico-pr-e-conquista-o-tri-da-libertadores\/","title":{"rendered":"Flamengo vence o Athletico-PR e conquista o tri da Libertadores"},"content":{"rendered":"\n<p><\/p>\n\n\n\n<p>Predestinado e muito \u00eddolo: esse \u00e9 Gabigol. Her\u00f3i do t\u00edtulo da Libertadores de 2019 ao marcar dois gols contra o River Plate, em Lima, o artilheiro do Flamengo voltou a dar as caras em Guayaquil. Foi dele o gol \u00fanico da vit\u00f3ria do clube carioca contra o Athletico-PR por 1 a 0, que valeu o tricampeonato da Libertadores, conquistado neste s\u00e1bado.<\/p>\n\n\n\n<figure class=\"wp-block-image size-large\"><img loading=\"lazy\" decoding=\"async\" width=\"564\" height=\"353\" src=\"https:\/\/senoticias.com.br\/se\/wp-content\/uploads\/2022\/10\/Flamengo-vence-Libertadores-SE-Noticias.jpg\" alt=\"\" class=\"wp-image-134527\" srcset=\"https:\/\/senoticias.com.br\/se\/wp-content\/uploads\/2022\/10\/Flamengo-vence-Libertadores-SE-Noticias.jpg 564w, https:\/\/senoticias.com.br\/se\/wp-content\/uploads\/2022\/10\/Flamengo-vence-Libertadores-SE-Noticias-300x188.jpg 300w, https:\/\/senoticias.com.br\/se\/wp-content\/uploads\/2022\/10\/Flamengo-vence-Libertadores-SE-Noticias-120x76.jpg 120w, https:\/\/senoticias.com.br\/se\/wp-content\/uploads\/2022\/10\/Flamengo-vence-Libertadores-SE-Noticias-308x192.jpg 308w\" sizes=\"(max-width: 564px) 100vw, 564px\" \/><figcaption>Gabigol fez gol \u00fanico da partida &#8211; Foto: Marcelo Cortes \/ Flamengo<\/figcaption><\/figure>\n\n\n\n<p>Decisivo contra o Athletico-PR, o atacante, de 26 anos, igualou uma marca de Zico. Gabigol balan\u00e7ou as redes em quatro oportunidades em finais de Libertadores pelo Flamengo. Em 2019, o centroavante fez dois contra o River Plate, no ano passado marcou uma vez na derrota para o Palmeiras e neste ano fez o gol do t\u00edtulo contra o Athletico-PR. J\u00e1 Zico marcou seus quatro gols em dois jogos da final contra o Cobreloa em 1981.<\/p>\n\n\n\n<p>O primeiro tempo em Guayaquil come\u00e7ou com o Athletico-PR melhor na partida. Tentando pressionar o Flamengo, o clube paranaense chegou com perigo em duas oportunidades. Aos 11 minutos, Vitinho obrigou o goleiro Santos a fazer uma grande defesa e no lance seguinte, Alex Santana finalizou para fora.<\/p>\n\n\n\n<p>Aos 19 minutos, o Flamengo teve que fazer uma mudan\u00e7a. Filipe Lu\u00eds sentiu uma les\u00e3o e foi substitu\u00eddo por Ayrton Lucas. E o ex-jogador do Fluminense foi decisivo em um lance importante da final. Pedro Henrique deu carrinho no lateral do Flamengo e recebeu o segundo amarelo deixando o clube carioca em vantagem num\u00e9rica.<br>E antes mesmo do primeiro tempo acabar o Flamengo aproveitou a vantagem e saiu na frente. Aos 48 minutos, Rodinei tabelou com Everton Ribeiro e tocou para Gabigol, que estava sozinho, rolar para o fundo das redes, abrindo o placar em Guayaquil.<\/p>\n\n\n\n<p>No segundo tempo, o Flamengo criou boas oportunidades para ampliar o placar com Gabigol e Pedro. Por\u00e9m, as finaliza\u00e7\u00f5es pararam em Bento e por cima do gol do Athletico-PR. Felip\u00e3o tentou tornar a equipe do Furac\u00e3o mais perigosa com algumas substitui\u00e7\u00f5es, mas a desvantagem num\u00e9rica atrapalhou.<\/p>\n\n\n\n<p>No fim, o Flamengo conseguiu administrar a vantagem sem maiores sustos e garantiu a festa da Na\u00e7\u00e3o em Guayaquil, no Rio e em todos os cantos do mundo. O tricampeonato estava garantido.<\/p>\n\n\n\n<p><strong>FICHA T\u00c9CNICA<\/strong><br>FLAMENGO 1 X 0 ATHLETICO-PR<\/p>\n\n\n\n<p>Est\u00e1dio: Est\u00e1dio Monumental Isidro Romero Carbo, em Guayaquil, Equador<br>Arbitragem: Patricio Loustau (Argentina)<br>Cart\u00f5es Amarelos: Alex Santana, Pedro Henrique (CAP), Arrascaeta, R\u00f4mulo, Vidal (FLA)<br>Cart\u00f5es Vermelhos: Pedro Henrique (CAP)<br>Gols: Gabigol (FLA)<\/p>\n\n\n\n<p>FLAMENGO &#8211; Santos; Rodinei, David Luiz, L\u00e9o Pereira e Filipe Lu\u00eds (Ayrton Lucas); Thiago Maia (Vidal), Jo\u00e3o Gomes, Everton Ribeiro e Arrascaeta (Victor Hugo); Gabriel (Cebolinha) e Pedro. T\u00e9cnico: Dorival J\u00fanior.<\/p>\n\n\n\n<p>ATHLETICO-PR &#8211; Bento; Khellven, Thiago Heleno, Pedro Henrique e Abner Vin\u00edcius; Hugo Moura (Terans), Fernandinho e Alex Santana (Matheus Felipe); Vitor Bueno (Canobbio), Vitinho (R\u00f4mulo) e Vitor Roque (Pablo). T\u00e9cnico: Luiz Felipe Scolari.<\/p>\n\n\n\n<p><em><strong>Acompanhe tamb\u00e9m o SE Not\u00edcias no\u00a0<a rel=\"noreferrer noopener\" href=\"https:\/\/twitter.com\/Senoticias\" target=\"_blank\">Twitter<\/a>,\u00a0<a rel=\"noreferrer noopener\" href=\"https:\/\/www.facebook.com\/senoticias1\" target=\"_blank\">Facebook<\/a>\u00a0e no\u00a0<a rel=\"noreferrer noopener\" href=\"https:\/\/www.instagram.com\/senoticias\/\" target=\"_blank\">Instagram<\/a><\/strong><\/em><\/p>\n\n\n\n<p>Fonte: O Dia<\/p>\n","protected":false},"excerpt":{"rendered":"<p>Predestinado e muito \u00eddolo: esse \u00e9 Gabigol. Her\u00f3i do t\u00edtulo da Libertadores de 2019 ao marcar dois gols contra o River Plate, em Lima, o artilheiro do Flamengo voltou a dar as caras em Guayaquil. Foi dele o gol \u00fanico da vit\u00f3ria do clube carioca contra o Athletico-PR por 1 a 0, que valeu o [&hellip;]<\/p>\n","protected":false},"author":6557,"featured_media":0,"comment_status":"closed","ping_status":"closed","sticky":false,"template":"","format":"standard","meta":{"footnotes":""},"categories":[15,26,1],"tags":[8754,37496,13486,7248],"class_list":{"0":"post-134526","1":"post","2":"type-post","3":"status-publish","4":"format-standard","6":"category-destaques","7":"category-esportes","8":"category-sem-categoria","9":"tag-flamengo-campeao","10":"tag-flamengo-vence-o-athletico-pr","11":"tag-gabigol","12":"tag-libertadores-da-america"},"_links":{"self":[{"href":"https:\/\/senoticias.com.br\/se\/wp-json\/wp\/v2\/posts\/134526"}],"collection":[{"href":"https:\/\/senoticias.com.br\/se\/wp-json\/wp\/v2\/posts"}],"about":[{"href":"https:\/\/senoticias.com.br\/se\/wp-json\/wp\/v2\/types\/post"}],"author":[{"embeddable":true,"href":"https:\/\/senoticias.com.br\/se\/wp-json\/wp\/v2\/users\/6557"}],"replies":[{"embeddable":true,"href":"https:\/\/senoticias.com.br\/se\/wp-json\/wp\/v2\/comments?post=134526"}],"version-history":[{"count":0,"href":"https:\/\/senoticias.com.br\/se\/wp-json\/wp\/v2\/posts\/134526\/revisions"}],"wp:attachment":[{"href":"https:\/\/senoticias.com.br\/se\/wp-json\/wp\/v2\/media?parent=134526"}],"wp:term":[{"taxonomy":"category","embeddable":true,"href":"https:\/\/senoticias.com.br\/se\/wp-json\/wp\/v2\/categories?post=134526"},{"taxonomy":"post_tag","embeddable":true,"href":"https:\/\/senoticias.com.br\/se\/wp-json\/wp\/v2\/tags?post=134526"}],"curies":[{"name":"wp","href":"https:\/\/api.w.org\/{rel}","templated":true}]}}