{"id":134495,"date":"2022-10-26T14:14:24","date_gmt":"2022-10-26T17:14:24","guid":{"rendered":"https:\/\/senoticias.com.br\/se\/?p=134495"},"modified":"2022-10-26T22:25:51","modified_gmt":"2022-10-27T01:25:51","slug":"liderancas-mostram-forca-em-evento-de-rogerio-e-lula-em-nossa-senhora-das-dores","status":"publish","type":"post","link":"https:\/\/senoticias.com.br\/se\/liderancas-mostram-forca-em-evento-de-rogerio-e-lula-em-nossa-senhora-das-dores\/","title":{"rendered":"Lideran\u00e7as mostram for\u00e7a em evento de Rog\u00e9rio e Lula em Nossa Senhora das Dores"},"content":{"rendered":"\n<p>Com as lideran\u00e7as do deputado estadual Jo\u00e3o Marcelo e de Dr Gilberto Santos, a popula\u00e7\u00e3o de Nossa Senhora das Dores promoveu no dia de ontem, 25, dois grandes eventos em apoio \u00e0s candidaturas de Rog\u00e9rio Carvalho, ao governo, e de Lula \u00e0 Presid\u00eancia da Rep\u00fablica, ambos do PT.<\/p>\n\n\n\n<figure class=\"wp-block-image size-large\"><img loading=\"lazy\" decoding=\"async\" width=\"1024\" height=\"773\" src=\"https:\/\/senoticias.com.br\/se\/wp-content\/uploads\/2022\/10\/WhatsApp-Image-2022-10-26-at-12.53.28-1024x773.jpeg\" alt=\"\" class=\"wp-image-134496\"\/><figcaption> Jo\u00e3o Marcelo organizou uma carreata e Dr Gilberto uma \u201cpisadinha\u201d &#8211; Foto: ascom<\/figcaption><\/figure>\n\n\n\n<p>Jo\u00e3o Marcelo organizou uma carreata e Dr Gilberto uma \u201cpisadinha\u201d, sendo que ambos os eventos tiveram muita ades\u00e3o da popula\u00e7\u00e3o, que lotou as ruas da cidade para endossar o coro da mudan\u00e7a para Sergipe.<\/p>\n\n\n\n<p>\u201cDores respondeu ao nosso chamado e demonstrou, mais uma vez, que quer Sergipe e o Brasil sendo governados por projetos focados nas pol\u00edticas de desenvolvimento com compromisso social. Falta pouco para confirmar a vit\u00f3ria do povo contra o sistema e a opress\u00e3o\u201d, ressaltou Jo\u00e3o Marcelo.<\/p>\n\n\n\n<p><em><strong>Acompanhe tamb\u00e9m o SE Not\u00edcias no\u00a0<a rel=\"noreferrer noopener\" href=\"https:\/\/twitter.com\/Senoticias\" target=\"_blank\">Twitter<\/a>,\u00a0<a rel=\"noreferrer noopener\" href=\"https:\/\/www.facebook.com\/senoticias1\" target=\"_blank\">Facebook<\/a>\u00a0e no\u00a0<a rel=\"noreferrer noopener\" href=\"https:\/\/www.instagram.com\/senoticias\/\" target=\"_blank\">Instagram<\/a><\/strong><\/em><\/p>\n\n\n\n<p>Fonte: ascom\/divulga\u00e7\u00e3o<\/p>\n","protected":false},"excerpt":{"rendered":"<p>Com as lideran\u00e7as do deputado estadual Jo\u00e3o Marcelo e de Dr Gilberto Santos, a popula\u00e7\u00e3o de Nossa Senhora das Dores promoveu no dia de ontem, 25, dois grandes eventos em apoio \u00e0s candidaturas de Rog\u00e9rio Carvalho, ao governo, e de Lula \u00e0 Presid\u00eancia da Rep\u00fablica, ambos do PT. Jo\u00e3o Marcelo organizou uma carreata e Dr [&hellip;]<\/p>\n","protected":false},"author":6557,"featured_media":0,"comment_status":"closed","ping_status":"closed","sticky":false,"template":"","format":"standard","meta":{"footnotes":""},"categories":[15,6],"tags":[12125,90,700,37251],"class_list":{"0":"post-134495","1":"post","2":"type-post","3":"status-publish","4":"format-standard","6":"category-destaques","7":"category-politica","8":"tag-eleicoes-2022","9":"tag-lula","10":"tag-nossa-senhora-das-dores","11":"tag-rogerio-carvalho-2"},"_links":{"self":[{"href":"https:\/\/senoticias.com.br\/se\/wp-json\/wp\/v2\/posts\/134495"}],"collection":[{"href":"https:\/\/senoticias.com.br\/se\/wp-json\/wp\/v2\/posts"}],"about":[{"href":"https:\/\/senoticias.com.br\/se\/wp-json\/wp\/v2\/types\/post"}],"author":[{"embeddable":true,"href":"https:\/\/senoticias.com.br\/se\/wp-json\/wp\/v2\/users\/6557"}],"replies":[{"embeddable":true,"href":"https:\/\/senoticias.com.br\/se\/wp-json\/wp\/v2\/comments?post=134495"}],"version-history":[{"count":0,"href":"https:\/\/senoticias.com.br\/se\/wp-json\/wp\/v2\/posts\/134495\/revisions"}],"wp:attachment":[{"href":"https:\/\/senoticias.com.br\/se\/wp-json\/wp\/v2\/media?parent=134495"}],"wp:term":[{"taxonomy":"category","embeddable":true,"href":"https:\/\/senoticias.com.br\/se\/wp-json\/wp\/v2\/categories?post=134495"},{"taxonomy":"post_tag","embeddable":true,"href":"https:\/\/senoticias.com.br\/se\/wp-json\/wp\/v2\/tags?post=134495"}],"curies":[{"name":"wp","href":"https:\/\/api.w.org\/{rel}","templated":true}]}}