{"id":134492,"date":"2022-10-26T14:57:06","date_gmt":"2022-10-26T17:57:06","guid":{"rendered":"https:\/\/senoticias.com.br\/se\/?p=134492"},"modified":"2022-10-26T15:01:20","modified_gmt":"2022-10-26T18:01:20","slug":"papa-francisco-manda-mensagem-ao-brasil-que-nossa-senhora-aparecida-livre-o-brasileiro-do-odio-intolerancia-e-violencia","status":"publish","type":"post","link":"https:\/\/senoticias.com.br\/se\/papa-francisco-manda-mensagem-ao-brasil-que-nossa-senhora-aparecida-livre-o-brasileiro-do-odio-intolerancia-e-violencia\/","title":{"rendered":"Papa Francisco manda mensagem ao Brasil: &#8216;Que Nossa Senhora Aparecida livre o brasileiro do \u00f3dio, intoler\u00e2ncia e viol\u00eancia&#8217;"},"content":{"rendered":"\n<p>O Papa Francisco mandou uma mensagem aos brasileiros nesta quarta-feira (26) durante a sauda\u00e7\u00e3o aos peregrinos na audi\u00eancia geral na Pra\u00e7a S\u00e3o Pedro, no Vaticano. O pont\u00edfice pediu a intercess\u00e3o e prote\u00e7\u00e3o de Nossa Senhora Aparecida ao povo brasileiro.<\/p>\n\n\n\n<figure class=\"wp-block-image size-large\"><img loading=\"lazy\" decoding=\"async\" width=\"599\" height=\"400\" src=\"https:\/\/senoticias.com.br\/se\/wp-content\/uploads\/2018\/08\/PAPA-FRANCISCO-SE-NOTICIAS-e1535359635356.jpg\" alt=\"\" class=\"wp-image-114886\"\/><figcaption>Pont\u00edfice fez declara\u00e7\u00e3o durante sauda\u00e7\u00e3o aos fi\u00e9is na Pra\u00e7a S\u00e3o Pedro, no Vaticano  &#8211; Foto:  arquivo\/Tiziana FABI \/ AFP<\/figcaption><\/figure>\n\n\n\n<p>Francisco n\u00e3o falou diretamente sobre as elei\u00e7\u00f5es no Brasil. Recentemente, a Confer\u00eancia Nacional dos Bispos do Brasil (CNBB) alertou para o aumento da intoler\u00e2ncia, ap\u00f3s bolsonaristas interromperem missas sob a alega\u00e7\u00e3o de que os religiosos supostamente pedem votos ou defendem temas que julgam ser alinhados \u00e0 esquerda.<\/p>\n\n\n\n<p>No 12 de outubro, Dia da Padroeira, um padre foi vaiado por bolsonaristas durante uma missa. Bolsonaro visitava o Santu\u00e1rio de Aparecida na ocasi\u00e3o. O padre Camilo Junior elogiou, na ocasi\u00e3o, os fi\u00e9is que haviam ido a Aparecida: &#8220;Hoje n\u00e3o \u00e9 dia de pedir voto, \u00e9 dia de pedir b\u00ean\u00e7\u00e3o&#8221;.<\/p>\n\n\n\n<p>A <strong>CNBB <\/strong>chegou a divulgar uma nota lamentando o que chamou de &#8220;intensifica\u00e7\u00e3o da explora\u00e7\u00e3o da f\u00e9 e da religi\u00e3o como caminho para angariar votos no segundo turno&#8221; das elei\u00e7\u00f5es deste ano.<\/p>\n\n\n\n<p>Na audi\u00eancia geral, o Papa saudou os peregrinos de l\u00edngua portuguesa, especialmente fi\u00e9is de Salvador, Anicuns (GO), Taubat\u00e9 (SP) e S\u00e3o Paulo, que estavam presentes no Vaticano.<\/p>\n\n\n\n<p>Al\u00e9m da mensagem ao povo brasileiro, ele tamb\u00e9m recordou a beatifica\u00e7\u00e3o da menina Benigna Cardoso da Silva realizada na tarde da \u00faltima segunda-feira em Crato (CE).<\/p>\n\n\n\n<p><strong>Veja a mensagem na \u00edntegra<\/strong><\/p>\n\n\n\n<p><em>&#8220;Queridos irm\u00e3os e irm\u00e3s, anteontem, em Crato, no Estado brasileiro do Cear\u00e1, foi beatificada Benigna Cardoso da Silva, uma jovem m\u00e1rtir que, seguindo a Palavra de Deus, manteve pura a sua vida, defendendo a sua dignidade. O seu exemplo nos ajude a ser generosos disc\u00edpulos de Cristo. A vida do mundo depende do nosso testemunho coerente e alegre do Evangelho. Um aplauso \u00e0 nova beata!<\/em><\/p>\n\n\n\n<p><em>Enfim o Papa dirigiu seu pensamento ao povo brasileiro pedindo a intercess\u00e3o e a prote\u00e7\u00e3o de Nossa Senhora Aparecida.<\/em><\/p>\n\n\n\n<p><em>&#8220;Pe\u00e7o a Nossa Senhora Aparecida que proteja e cuide do povo brasileiro, que o livre do \u00f3dio, da intoler\u00e2ncia e da viol\u00eancia.&#8221;<\/em><\/p>\n\n\n\n<p><em>Pont\u00edfice fez declara\u00e7\u00e3o durante sauda\u00e7\u00e3o aos fi\u00e9is na Pra\u00e7a S\u00e3o Pedro, no Vaticano.<\/em><\/p>\n\n\n\n<p><em><strong>Acompanhe tamb\u00e9m o SE Not\u00edcias no\u00a0<a rel=\"noreferrer noopener\" href=\"https:\/\/twitter.com\/Senoticias\" target=\"_blank\">Twitter<\/a>,\u00a0<a rel=\"noreferrer noopener\" href=\"https:\/\/www.facebook.com\/senoticias1\" target=\"_blank\">Facebook<\/a>\u00a0e no\u00a0<a rel=\"noreferrer noopener\" href=\"https:\/\/www.instagram.com\/senoticias\/\" target=\"_blank\">Instagram<\/a><\/strong><\/em><\/p>\n\n\n\n<p>Por <strong><a href=\"https:\/\/g1.globo.com\/sp\/vale-do-paraiba-regiao\/noticia\/2022\/10\/26\/papa-francisco-manda-mensagem-ao-brasil-que-nossa-senhora-aparecida-livre-o-brasileiro-do-odio-intolerancia-e-violencia.ghtml\">g1<\/a><\/strong> Vale do Para\u00edba e regi\u00e3o<\/p>\n","protected":false},"excerpt":{"rendered":"<p>O Papa Francisco mandou uma mensagem aos brasileiros nesta quarta-feira (26) durante a sauda\u00e7\u00e3o aos peregrinos na audi\u00eancia geral na Pra\u00e7a S\u00e3o Pedro, no Vaticano. O pont\u00edfice pediu a intercess\u00e3o e prote\u00e7\u00e3o de Nossa Senhora Aparecida ao povo brasileiro. Francisco n\u00e3o falou diretamente sobre as elei\u00e7\u00f5es no Brasil. Recentemente, a Confer\u00eancia Nacional dos Bispos do [&hellip;]<\/p>\n","protected":false},"author":6557,"featured_media":0,"comment_status":"closed","ping_status":"closed","sticky":false,"template":"","format":"standard","meta":{"footnotes":""},"categories":[15,46,1],"tags":[687,3062,381,886],"class_list":{"0":"post-134492","1":"post","2":"type-post","3":"status-publish","4":"format-standard","6":"category-destaques","7":"category-religiao","8":"category-sem-categoria","9":"tag-cnbb","10":"tag-nossa-senhora-aparecida","11":"tag-papa","12":"tag-papa-francisco"},"_links":{"self":[{"href":"https:\/\/senoticias.com.br\/se\/wp-json\/wp\/v2\/posts\/134492"}],"collection":[{"href":"https:\/\/senoticias.com.br\/se\/wp-json\/wp\/v2\/posts"}],"about":[{"href":"https:\/\/senoticias.com.br\/se\/wp-json\/wp\/v2\/types\/post"}],"author":[{"embeddable":true,"href":"https:\/\/senoticias.com.br\/se\/wp-json\/wp\/v2\/users\/6557"}],"replies":[{"embeddable":true,"href":"https:\/\/senoticias.com.br\/se\/wp-json\/wp\/v2\/comments?post=134492"}],"version-history":[{"count":0,"href":"https:\/\/senoticias.com.br\/se\/wp-json\/wp\/v2\/posts\/134492\/revisions"}],"wp:attachment":[{"href":"https:\/\/senoticias.com.br\/se\/wp-json\/wp\/v2\/media?parent=134492"}],"wp:term":[{"taxonomy":"category","embeddable":true,"href":"https:\/\/senoticias.com.br\/se\/wp-json\/wp\/v2\/categories?post=134492"},{"taxonomy":"post_tag","embeddable":true,"href":"https:\/\/senoticias.com.br\/se\/wp-json\/wp\/v2\/tags?post=134492"}],"curies":[{"name":"wp","href":"https:\/\/api.w.org\/{rel}","templated":true}]}}