{"id":134489,"date":"2022-10-26T11:18:41","date_gmt":"2022-10-26T14:18:41","guid":{"rendered":"https:\/\/senoticias.com.br\/se\/?p=134489"},"modified":"2022-10-26T11:18:55","modified_gmt":"2022-10-26T14:18:55","slug":"defesa-civil-emite-alerta-de-chuvas-moderadas-nas-proximas-24h","status":"publish","type":"post","link":"https:\/\/senoticias.com.br\/se\/defesa-civil-emite-alerta-de-chuvas-moderadas-nas-proximas-24h\/","title":{"rendered":"Defesa Civil emite alerta de chuvas moderadas nas pr\u00f3ximas 24h"},"content":{"rendered":"\n<p>A Defesa Civil de Aracaju, vinculada \u00e0 Secretaria Municipal da Defesa Social e da Cidadania (Semdec), emitiu, na tarde de ter\u00e7a-feira, 25, um alerta para chuvas moderadas que poder\u00e3o incidir sobre a capital, nas pr\u00f3ximas 24h. A mensagem foi encaminhada aos mais de 53 mil telefones m\u00f3veis cadastros no servi\u00e7o de SMS 40199.<\/p>\n\n\n\n<figure class=\"wp-block-image size-large\"><img loading=\"lazy\" decoding=\"async\" width=\"591\" height=\"327\" src=\"https:\/\/senoticias.com.br\/se\/wp-content\/uploads\/2022\/03\/Chuvas-se-noticias.jpg\" alt=\"\" class=\"wp-image-131813\" srcset=\"https:\/\/senoticias.com.br\/se\/wp-content\/uploads\/2022\/03\/Chuvas-se-noticias.jpg 591w, https:\/\/senoticias.com.br\/se\/wp-content\/uploads\/2022\/03\/Chuvas-se-noticias-300x166.jpg 300w\" sizes=\"(max-width: 591px) 100vw, 591px\" \/><figcaption>\nSegundo o coordenador da Defesa Civil de Aracaju, Robson Rabelo, a possibilidade de chuvas em Aracaju j\u00e1 vinha sendo acompanhada pelo \u00f3rg\u00e3o.<\/figcaption><\/figure>\n\n\n\n<p>A informa\u00e7\u00e3o foi indicada no sistema ClimAju, com base nos dados encaminhados pela empresa especializada Geoclima, contratada pela Prefeitura de Aracaju para prestar o servi\u00e7o de previs\u00e3o meteorol\u00f3gica. Tamb\u00e9m houve indica\u00e7\u00e3o de chuva para a regi\u00e3o nos avisos emitidos pelo centro de Previs\u00e3o do Tempo e Estudos Clim\u00e1ticos (CPTEC) e pelo Instituto Nacional de Meteorologia (INMET).<\/p>\n\n\n\n<p>O secret\u00e1rio municipal da Defesa Social e da Cidadania, tenente-coronel Silvio Prado, informa que o acumulado de chuva pode alcan\u00e7ar 60 mil\u00edmetros, nas pr\u00f3ximas 48h.<\/p>\n\n\n\n<p>&#8220;A cidade possui capacidade de suportar bem esse volume de chuva. Ainda assim, estaremos com equipes em alerta, para atendimento \u00e0s demandas que possam surgir. O monitoramento \u00e9 constante, frente \u00e0s altera\u00e7\u00f5es clim\u00e1ticas&#8221;, salienta o secret\u00e1rio.<\/p>\n\n\n\n<p>Segundo informa\u00e7\u00f5es do servi\u00e7o meteorol\u00f3gico, a instabilidade deve iniciar na noite desta ter\u00e7a-feira, 25, e se intensificar entre a noite da quarta-feira, 26, e a madrugada de quinta-feira, 27, voltando \u00e0 normalidade na sexta-feira, 28, com chuva fraca.<\/p>\n\n\n\n<p>Segundo o coordenador da Defesa Civil de Aracaju, Robson Rabelo, a possibilidade de chuvas em Aracaju j\u00e1 vinha sendo acompanhada pelo \u00f3rg\u00e3o.<\/p>\n\n\n\n<p>&#8220;Emitimos o alerta para chuvas moderadas no per\u00edodo de 48h, para que a popula\u00e7\u00e3o, especialmente os moradores de \u00e1reas de risco, possa redobrar o estado de observa\u00e7\u00e3o e acionar a Defesa Civil, se necess\u00e1rio. Por\u00e9m, n\u00e3o h\u00e1 expectava de situa\u00e7\u00f5es de anormalidade. Hoje, diante das a\u00e7\u00f5es preventivas que foram intensificadas na capital, podemos considerar que a cidade tem boa resposta para volumes de chuva de at\u00e9 100 mil\u00edmetros, no per\u00edodo de dois dias&#8221;, afirma Rabelo.<\/p>\n\n\n\n<p>Em situa\u00e7\u00e3o de emerg\u00eancia, a popula\u00e7\u00e3o pode acionar a Defesa Civil de Aracaju atrav\u00e9s do servi\u00e7o 199, que funciona 24h.<\/p>\n\n\n\n<p><strong>ClimAju<\/strong><\/p>\n\n\n\n<p>A Prefeitura de Aracaju disponibiliza a plataforma ClimAju para acompanhamento, em tempo real, das condi\u00e7\u00f5es meteorol\u00f3gicas, em todas as regi\u00f5es da capital. O recurso, dispon\u00edvel atrav\u00e9s do site aracaju.se.gov.br\/climaju, tamb\u00e9m possibilita acesso \u00e0 previs\u00e3o do tempo, com atualiza\u00e7\u00f5es di\u00e1rias.<\/p>\n\n\n\n<p><strong>Servi\u00e7o de alerta 40199<\/strong><\/p>\n\n\n\n<p>Para realizar o cadastro, \u00e9 preciso enviar uma mensagem via SMS para o n\u00famero 40199 e colocar no campo da mensagem o CEP do local sobre o qual deseja receber informa\u00e7\u00f5es. O servi\u00e7o \u00e9 gratuito e permite que uma mesma pessoa cadastre mais de um CEP.<\/p>\n\n\n\n<p>O servi\u00e7o possibilita que a popula\u00e7\u00e3o tenha informa\u00e7\u00f5es, de maneira antecipada, sobre condi\u00e7\u00f5es que demandem aten\u00e7\u00e3o, como mar\u00e9 alta, ventos fortes, chuvas intensas e outros.<\/p>\n\n\n\n<p><em><strong>Acompanhe tamb\u00e9m o SE Not\u00edcias no\u00a0<a rel=\"noreferrer noopener\" href=\"https:\/\/twitter.com\/Senoticias\" target=\"_blank\">Twitter<\/a>,\u00a0<a rel=\"noreferrer noopener\" href=\"https:\/\/www.facebook.com\/senoticias1\" target=\"_blank\">Facebook<\/a>\u00a0e no\u00a0<a rel=\"noreferrer noopener\" href=\"https:\/\/www.instagram.com\/senoticias\/\" target=\"_blank\">Instagram<\/a><\/strong><\/em><\/p>\n","protected":false},"excerpt":{"rendered":"<p>A Defesa Civil de Aracaju, vinculada \u00e0 Secretaria Municipal da Defesa Social e da Cidadania (Semdec), emitiu, na tarde de ter\u00e7a-feira, 25, um alerta para chuvas moderadas que poder\u00e3o incidir sobre a capital, nas pr\u00f3ximas 24h. A mensagem foi encaminhada aos mais de 53 mil telefones m\u00f3veis cadastros no servi\u00e7o de SMS 40199. A informa\u00e7\u00e3o [&hellip;]<\/p>\n","protected":false},"author":6557,"featured_media":0,"comment_status":"closed","ping_status":"closed","sticky":false,"template":"","format":"standard","meta":{"footnotes":""},"categories":[15,38],"tags":[119,6314,15406],"class_list":{"0":"post-134489","1":"post","2":"type-post","3":"status-publish","4":"format-standard","6":"category-destaques","7":"category-municipios","8":"tag-chuvas","9":"tag-defesa-civil","10":"tag-previsao-do-tempo"},"_links":{"self":[{"href":"https:\/\/senoticias.com.br\/se\/wp-json\/wp\/v2\/posts\/134489"}],"collection":[{"href":"https:\/\/senoticias.com.br\/se\/wp-json\/wp\/v2\/posts"}],"about":[{"href":"https:\/\/senoticias.com.br\/se\/wp-json\/wp\/v2\/types\/post"}],"author":[{"embeddable":true,"href":"https:\/\/senoticias.com.br\/se\/wp-json\/wp\/v2\/users\/6557"}],"replies":[{"embeddable":true,"href":"https:\/\/senoticias.com.br\/se\/wp-json\/wp\/v2\/comments?post=134489"}],"version-history":[{"count":0,"href":"https:\/\/senoticias.com.br\/se\/wp-json\/wp\/v2\/posts\/134489\/revisions"}],"wp:attachment":[{"href":"https:\/\/senoticias.com.br\/se\/wp-json\/wp\/v2\/media?parent=134489"}],"wp:term":[{"taxonomy":"category","embeddable":true,"href":"https:\/\/senoticias.com.br\/se\/wp-json\/wp\/v2\/categories?post=134489"},{"taxonomy":"post_tag","embeddable":true,"href":"https:\/\/senoticias.com.br\/se\/wp-json\/wp\/v2\/tags?post=134489"}],"curies":[{"name":"wp","href":"https:\/\/api.w.org\/{rel}","templated":true}]}}