{"id":134487,"date":"2022-10-26T11:18:12","date_gmt":"2022-10-26T14:18:12","guid":{"rendered":"https:\/\/senoticias.com.br\/se\/?p=134487"},"modified":"2022-10-26T12:38:19","modified_gmt":"2022-10-26T15:38:19","slug":"cptran-explica-importancia-do-capacete-para-evitar-lesoes-graves-e-mortes-em-acidentes-envolvendo-motocicletas","status":"publish","type":"post","link":"https:\/\/senoticias.com.br\/se\/cptran-explica-importancia-do-capacete-para-evitar-lesoes-graves-e-mortes-em-acidentes-envolvendo-motocicletas\/","title":{"rendered":"CPTran explica import\u00e2ncia do capacete para evitar les\u00f5es graves e mortes em acidentes envolvendo motocicletas"},"content":{"rendered":"\n<p><\/p>\n\n\n\n<p>O uso do capacete na condu\u00e7\u00e3o de motocicletas \u00e9 essencial para diminuir os riscos de les\u00f5es em acidentes envolvendo condutores e passageiros desses ve\u00edculos. Al\u00e9m disso, a n\u00e3o utiliza\u00e7\u00e3o deste equipamento implica na ocorr\u00eancia de infra\u00e7\u00e3o grav\u00edssima, que gera multa e suspens\u00e3o do direito de condu\u00e7\u00e3o de ve\u00edculos. Por isso, a Companhia de Pol\u00edcia de Tr\u00e2nsito (CPTran) detalha a import\u00e2ncia do uso do capacete para um tr\u00e2nsito mais seguro n\u00e3o s\u00f3 em Sergipe, mas em todo o pa\u00eds.<\/p>\n\n\n\n<figure class=\"wp-block-image size-large\"><img loading=\"lazy\" decoding=\"async\" width=\"592\" height=\"420\" src=\"https:\/\/senoticias.com.br\/se\/wp-content\/uploads\/2022\/10\/Moto-sem-capacete-SE-Noticias.jpeg\" alt=\"\" class=\"wp-image-134491\" srcset=\"https:\/\/senoticias.com.br\/se\/wp-content\/uploads\/2022\/10\/Moto-sem-capacete-SE-Noticias.jpeg 592w, https:\/\/senoticias.com.br\/se\/wp-content\/uploads\/2022\/10\/Moto-sem-capacete-SE-Noticias-300x213.jpeg 300w\" sizes=\"(max-width: 592px) 100vw, 592px\" \/><figcaption>Pais levando filhos para escola em moto sem capacete &#8211; Foto: arquivo\/R7<\/figcaption><\/figure>\n\n\n\n<p>De acordo com o artigo 244, do C\u00f3digo de Tr\u00e2nsito Brasileiro (CTB), conduzir motocicleta, motoneta ou ciclomotor sem usar capacete de seguran\u00e7a ou vestu\u00e1rio de acordo com as normas e as especifica\u00e7\u00f5es aprovadas pelo Conselho Nacional de Tr\u00e2nsito (Contran) \u00e9 infra\u00e7\u00e3o grav\u00edssima. A penalidade para essa pr\u00e1tica \u00e9 de sete pontos na Carteira Nacional de Habilita\u00e7\u00e3o (CNH), multa de R$ 293,47 e suspens\u00e3o do direito de condu\u00e7\u00e3o.<\/p>\n\n\n\n<p>A tenente Gabrielle, da CPTran, ressaltou que o uso do capacete \u00e9 obrigat\u00f3rio tanto para o condutor, quanto para o passageiro. \u201cEssa n\u00e3o utiliza\u00e7\u00e3o vai acarretar em penalidade e tamb\u00e9m aumenta exponencialmente as chances de, em acidente de tr\u00e2nsito, ocorrer les\u00f5es graves e at\u00e9 mesmo \u00f3bitos\u201d, enfatizou.<\/p>\n\n\n\n<p>Conforme a militar, levantamentos do Minist\u00e9rio da Sa\u00fade indicam que diversas les\u00f5es poderiam ser evitadas apenas com o uso do capacete. \u201cOs dados indicam que 69% dos traumatismos cranioencef\u00e1licos e 65% dos traumatismos da face poderiam ser evitados com o uso correto do capacete\u201d, informou.<\/p>\n\n\n\n<p>Ainda de acordo com a tenente, a Organiza\u00e7\u00e3o Mundial da Sa\u00fade (OMS) tamb\u00e9m aponta que o capacete \u00e9 um importante instrumento de seguran\u00e7a no tr\u00e2nsito. \u201cSegundo a OMS, o uso correto do capacete reduziria em at\u00e9 70% a chance de les\u00f5es graves na cabe\u00e7a e em at\u00e9 40% o risco de morte\u201d, revelou.<\/p>\n\n\n\n<p>Ela tamb\u00e9m lembrou que h\u00e1 delibera\u00e7\u00f5es para o uso correto do capacete. \u201cEle deve ser fixado na cabe\u00e7a tanto do condutor, como tamb\u00e9m do passageiro, estando preso sobre o maxilar inferior. O capacete deve ter o selo do Inmetro, o dispositivo retro reflexivo na lateral e na traseira, al\u00e9m de estar em boas condi\u00e7\u00f5es de uso\u201d, destacou.<\/p>\n\n\n\n<p>A militar tamb\u00e9m acrescentou que \u00e9 necess\u00e1rio que a viseira esteja abaixada durante a condu\u00e7\u00e3o do ve\u00edculo. \u201cA utiliza\u00e7\u00e3o do capacete deve obedecer \u00e0s regras e a viseira est\u00e1 inclu\u00edda nessa situa\u00e7\u00e3o. E tamb\u00e9m n\u00e3o se deve utilizar pel\u00edcula na viseira, que deve ser transparente\u201d, reiterou.<\/p>\n\n\n\n<p>A tenente Gabrielle conclui refor\u00e7ando a import\u00e2ncia do uso do capacete. \u201c\u00c9 uma quest\u00e3o de seguran\u00e7a para um motoqueiro. E eu lembro que o uso do capacete \u00e9 obrigat\u00f3rio, independentemente do tamanho do trajeto que vai ser percorrido. O uso \u00e9 obrigat\u00f3rio em todo momento que o ve\u00edculo estiver sendo conduzido\u201d, finalizou.<\/p>\n\n\n\n<p><em><strong>Acompanhe tamb\u00e9m o SE Not\u00edcias no\u00a0<a rel=\"noreferrer noopener\" href=\"https:\/\/twitter.com\/Senoticias\" target=\"_blank\">Twitter<\/a>,\u00a0<a rel=\"noreferrer noopener\" href=\"https:\/\/www.facebook.com\/senoticias1\" target=\"_blank\">Facebook<\/a>\u00a0e no\u00a0<a rel=\"noreferrer noopener\" href=\"https:\/\/www.instagram.com\/senoticias\/\" target=\"_blank\">Instagram<\/a><\/strong><\/em><\/p>\n\n\n\n<p>Fonte: SSP\/SE<\/p>\n","protected":false},"excerpt":{"rendered":"<p>O uso do capacete na condu\u00e7\u00e3o de motocicletas \u00e9 essencial para diminuir os riscos de les\u00f5es em acidentes envolvendo condutores e passageiros desses ve\u00edculos. Al\u00e9m disso, a n\u00e3o utiliza\u00e7\u00e3o deste equipamento implica na ocorr\u00eancia de infra\u00e7\u00e3o grav\u00edssima, que gera multa e suspens\u00e3o do direito de condu\u00e7\u00e3o de ve\u00edculos. Por isso, a Companhia de Pol\u00edcia de [&hellip;]<\/p>\n","protected":false},"author":6557,"featured_media":0,"comment_status":"closed","ping_status":"closed","sticky":false,"template":"","format":"standard","meta":{"footnotes":""},"categories":[15,7,1],"tags":[15923,6142,37484],"class_list":{"0":"post-134487","1":"post","2":"type-post","3":"status-publish","4":"format-standard","6":"category-destaques","7":"category-policia","8":"category-sem-categoria","9":"tag-acidente-com-moto","10":"tag-codigo-de-transito-brasileiro","11":"tag-moto-sem-capacete"},"_links":{"self":[{"href":"https:\/\/senoticias.com.br\/se\/wp-json\/wp\/v2\/posts\/134487"}],"collection":[{"href":"https:\/\/senoticias.com.br\/se\/wp-json\/wp\/v2\/posts"}],"about":[{"href":"https:\/\/senoticias.com.br\/se\/wp-json\/wp\/v2\/types\/post"}],"author":[{"embeddable":true,"href":"https:\/\/senoticias.com.br\/se\/wp-json\/wp\/v2\/users\/6557"}],"replies":[{"embeddable":true,"href":"https:\/\/senoticias.com.br\/se\/wp-json\/wp\/v2\/comments?post=134487"}],"version-history":[{"count":0,"href":"https:\/\/senoticias.com.br\/se\/wp-json\/wp\/v2\/posts\/134487\/revisions"}],"wp:attachment":[{"href":"https:\/\/senoticias.com.br\/se\/wp-json\/wp\/v2\/media?parent=134487"}],"wp:term":[{"taxonomy":"category","embeddable":true,"href":"https:\/\/senoticias.com.br\/se\/wp-json\/wp\/v2\/categories?post=134487"},{"taxonomy":"post_tag","embeddable":true,"href":"https:\/\/senoticias.com.br\/se\/wp-json\/wp\/v2\/tags?post=134487"}],"curies":[{"name":"wp","href":"https:\/\/api.w.org\/{rel}","templated":true}]}}