{"id":134482,"date":"2022-10-25T15:58:53","date_gmt":"2022-10-25T18:58:53","guid":{"rendered":"https:\/\/senoticias.com.br\/se\/?p=134482"},"modified":"2022-10-25T16:23:40","modified_gmt":"2022-10-25T19:23:40","slug":"presidiario-e-morto-a-tiros-e-outro-fica-ferido-apos-sairam-da-cadeia-em-areia-branca","status":"publish","type":"post","link":"https:\/\/senoticias.com.br\/se\/presidiario-e-morto-a-tiros-e-outro-fica-ferido-apos-sairam-da-cadeia-em-areia-branca\/","title":{"rendered":"Detento \u00e9 morto a tiros e outro fica ferido ap\u00f3s sa\u00edram da cadeia em Areia Branca"},"content":{"rendered":"\n<p>Um presidi\u00e1rio foi morto a tiros e outro ficou ferido ap\u00f3s sa\u00edrem do pres\u00eddio de Areia Branca na manh\u00e3 desta ter\u00e7a-feira (25). As v\u00edtimas cumpriam pena no regime semi-aberto.<\/p>\n\n\n\n<figure class=\"wp-block-image size-large\"><img loading=\"lazy\" decoding=\"async\" width=\"592\" height=\"434\" src=\"https:\/\/senoticias.com.br\/se\/wp-content\/uploads\/2022\/10\/Homem-morto-em-Areia-Branca-SE-Noticias.jpg\" alt=\"\" class=\"wp-image-134483\" srcset=\"https:\/\/senoticias.com.br\/se\/wp-content\/uploads\/2022\/10\/Homem-morto-em-Areia-Branca-SE-Noticias.jpg 592w, https:\/\/senoticias.com.br\/se\/wp-content\/uploads\/2022\/10\/Homem-morto-em-Areia-Branca-SE-Noticias-300x220.jpg 300w\" sizes=\"(max-width: 592px) 100vw, 592px\" \/><figcaption>Segundo a Pol\u00edcia Militar, as v\u00edtimas cumpriam pena no regime semi-aberto &#8211; Foto: redes sociais<\/figcaption><\/figure>\n\n\n\n<p>Segundo a Pol\u00edcia Militar, eles estavam dentro de um carro quando foram interceptados por um outro ve\u00edculo, de onde vieram os disparos. O condutor foi atingido na cabe\u00e7a e n\u00e3o resistiu aos ferimentos. O crime teria sido motivado por uma vingan\u00e7a relacionada com tr\u00e1fico de drogas e homic\u00eddio.<\/p>\n\n\n\n<p>A outra v\u00edtima foi socorrida e encaminhada para uma unidade hospitalar. O estado de sa\u00fade dele ainda n\u00e3o foi informado.<\/p>\n\n\n\n<p><em><strong>Acompanhe tamb\u00e9m o SE Not\u00edcias no\u00a0<a rel=\"noreferrer noopener\" href=\"https:\/\/twitter.com\/Senoticias\" target=\"_blank\">Twitter<\/a>,\u00a0<a rel=\"noreferrer noopener\" href=\"https:\/\/www.facebook.com\/senoticias1\" target=\"_blank\">Facebook<\/a>\u00a0e no\u00a0<a rel=\"noreferrer noopener\" href=\"https:\/\/www.instagram.com\/senoticias\/\" target=\"_blank\">Instagram<\/a><\/strong><\/em><\/p>\n\n\n\n<p>Fonte: A8SE.com.br<\/p>\n","protected":false},"excerpt":{"rendered":"<p>Um presidi\u00e1rio foi morto a tiros e outro ficou ferido ap\u00f3s sa\u00edrem do pres\u00eddio de Areia Branca na manh\u00e3 desta ter\u00e7a-feira (25). As v\u00edtimas cumpriam pena no regime semi-aberto. Segundo a Pol\u00edcia Militar, eles estavam dentro de um carro quando foram interceptados por um outro ve\u00edculo, de onde vieram os disparos. O condutor foi atingido [&hellip;]<\/p>\n","protected":false},"author":6557,"featured_media":0,"comment_status":"closed","ping_status":"closed","sticky":false,"template":"","format":"standard","meta":{"footnotes":""},"categories":[15,7,1],"tags":[37483,37482],"class_list":{"0":"post-134482","1":"post","2":"type-post","3":"status-publish","4":"format-standard","6":"category-destaques","7":"category-policia","8":"category-sem-categoria","9":"tag-cadeia-em-areia-branca","10":"tag-presidiario-e-morto"},"_links":{"self":[{"href":"https:\/\/senoticias.com.br\/se\/wp-json\/wp\/v2\/posts\/134482"}],"collection":[{"href":"https:\/\/senoticias.com.br\/se\/wp-json\/wp\/v2\/posts"}],"about":[{"href":"https:\/\/senoticias.com.br\/se\/wp-json\/wp\/v2\/types\/post"}],"author":[{"embeddable":true,"href":"https:\/\/senoticias.com.br\/se\/wp-json\/wp\/v2\/users\/6557"}],"replies":[{"embeddable":true,"href":"https:\/\/senoticias.com.br\/se\/wp-json\/wp\/v2\/comments?post=134482"}],"version-history":[{"count":0,"href":"https:\/\/senoticias.com.br\/se\/wp-json\/wp\/v2\/posts\/134482\/revisions"}],"wp:attachment":[{"href":"https:\/\/senoticias.com.br\/se\/wp-json\/wp\/v2\/media?parent=134482"}],"wp:term":[{"taxonomy":"category","embeddable":true,"href":"https:\/\/senoticias.com.br\/se\/wp-json\/wp\/v2\/categories?post=134482"},{"taxonomy":"post_tag","embeddable":true,"href":"https:\/\/senoticias.com.br\/se\/wp-json\/wp\/v2\/tags?post=134482"}],"curies":[{"name":"wp","href":"https:\/\/api.w.org\/{rel}","templated":true}]}}