{"id":134478,"date":"2022-10-24T17:02:40","date_gmt":"2022-10-24T20:02:40","guid":{"rendered":"https:\/\/senoticias.com.br\/se\/?p=134478"},"modified":"2022-10-24T17:02:52","modified_gmt":"2022-10-24T20:02:52","slug":"dia-do-dentista-conselho-regional-de-odontologia-destaca-a-tematica-da-halitose","status":"publish","type":"post","link":"https:\/\/senoticias.com.br\/se\/dia-do-dentista-conselho-regional-de-odontologia-destaca-a-tematica-da-halitose\/","title":{"rendered":"Dia do Dentista: Conselho Regional de Odontologia destaca a tem\u00e1tica da Halitose"},"content":{"rendered":"\n<p>Neste 25 de outubro, Dia Nacional do Cirurgi\u00e3o-Dentista, o Conselho Regional de Odontologia de Sergipe (CRO-SE) realiza aa palestra \u201cHalitose: na d\u00favida, pergunte!\u201d, ministrada pela Dra. Cynthia Coelho, a partir das 19h, no audit\u00f3rio da autarquia. O tema foi escolhido para abordagem neste m\u00eas, pela necessidade de ampliar a informa\u00e7\u00e3o p\u00fablica sobre o desequil\u00edbrio, que afeta cerca de 50 milh\u00f5es de brasileiros, segundo a Associa\u00e7\u00e3o Brasileira de Halitose (ABHA); e 40% da popula\u00e7\u00e3o mundial, conforme a Organiza\u00e7\u00e3o Mundial de Sa\u00fade (OMS).<\/p>\n\n\n\n<figure class=\"wp-block-image size-large\"><img loading=\"lazy\" decoding=\"async\" width=\"584\" height=\"435\" src=\"https:\/\/senoticias.com.br\/se\/wp-content\/uploads\/2022\/10\/WhatsApp-Image-2022-10-24-at-15.40.51.jpeg\" alt=\"\" class=\"wp-image-134479\" srcset=\"https:\/\/senoticias.com.br\/se\/wp-content\/uploads\/2022\/10\/WhatsApp-Image-2022-10-24-at-15.40.51.jpeg 584w, https:\/\/senoticias.com.br\/se\/wp-content\/uploads\/2022\/10\/WhatsApp-Image-2022-10-24-at-15.40.51-300x223.jpeg 300w, https:\/\/senoticias.com.br\/se\/wp-content\/uploads\/2022\/10\/WhatsApp-Image-2022-10-24-at-15.40.51-45x35.jpeg 45w\" sizes=\"(max-width: 584px) 100vw, 584px\" \/><figcaption>\nDesequil\u00edbrio afeta 50 milh\u00f5es de brasileiros e tem indica\u00e7\u00e3o de tratamento odontol\u00f3gico em 90% dos casos, afirma a Dra. Anna Tereza &#8211; Foto: ascom\/divulga\u00e7\u00e3o\n\n\n<\/figcaption><\/figure>\n\n\n\n<p>De todos os casos diagnosticados, 90% t\u00eam origem na cavidade bucal, sendo o cirurgi\u00e3o-dentista o profissional mais indicado para o tratamento. \u201c\u00c9 um trabalho basicamente odontol\u00f3gico. A halitose n\u00e3o \u00e9 considerada uma doen\u00e7a, mas \u00e9 um sintoma de que existe um desequil\u00edbrio no organismo, mostrando que algo pode n\u00e3o estar bem\u201d, afirma a presidente do CRO-SE, Anna Tereza Lima. Para ela, informar \u00e9 o melhor caminho para que as pessoas saibam que existe tratamento para o problema. Os casos que n\u00e3o s\u00e3o odontol\u00f3gicos podem ter origem gastro ou otorrinolaringol\u00f3gica, mas j\u00e1 \u00e9 comprovado cientificamente que o est\u00f4mago n\u00e3o \u00e9 o vil\u00e3o, como muitos ainda pensam.<\/p>\n\n\n\n<p>Outro mito comum sobre a halitose \u00e9 a sua associa\u00e7\u00e3o com uma m\u00e1 higiene bucal. Nem sempre \u00e9 essa a causa. \u201cPode at\u00e9 ser que haja incorre\u00e7\u00e3o da higiene oral, ou mesmo uma descama\u00e7\u00e3o provocada pelo creme dental, mas existem v\u00e1rios fatores atrav\u00e9s dos quais a pessoa pode desenvolver o mau h\u00e1lito, no decorrer da vida. \u00c9 preciso investigar para identificar e tratar corretamente\u201d, pontua a cirurgi\u00e3-dentista Cynthia Coelho, p\u00f3s-graduada em halitose.<\/p>\n\n\n\n<p>Conhecida popularmente como \u201cmau h\u00e1lito\u201d por ser ofensiva para a outra pessoa, a partir da emiss\u00e3o de cheiro desagrad\u00e1vel pela boca, a halitose ainda \u00e9 um tema que constrange. \u201cAs pessoas ainda t\u00eam resist\u00eancia em falar sobre o assunto de forma tranquila. Na maioria das vezes, inclusive, a pessoa que tem o mau h\u00e1lito nem sabe que tem, porque acontece o que a gente chama de fadiga olfat\u00f3ria, em que a pessoa acaba acostumando com o cheiro. \u00c0s vezes precisa que algu\u00e9m pr\u00f3ximo, que tem certa intimidade, chegue para falar\u201d, afirma a Dra. Cynthia.<\/p>\n\n\n\n<p>Alguns pacientes apresentam a chamada \u201cpseudo halitose\u201d. \u201c\u00c9 aquela pessoa que tem sintomas na boca de gosto ruim, gosto amargo ou ressecamento e, por sentir gosto, acha que est\u00e1 com o cheiro. S\u00e3o casos em que, normalmente, os pacientes tamb\u00e9m j\u00e1 est\u00e3o com altera\u00e7\u00e3o psicol\u00f3gicas\/comportamentais. Como acha que tem, qualquer movimento que v\u00ea o outro fazer, como mexer no nariz ou colocar a m\u00e3o na boca, j\u00e1 acha que tem rela\u00e7\u00e3o com o mau cheiro que pensa estar transmitindo\u201d, explica.<\/p>\n\n\n\n<p><strong>Tratamento<\/strong><\/p>\n\n\n\n<p>A presidente do CRO-SE lembra que nem todo cirurgi\u00e3o-dentista tem habilita\u00e7\u00e3o para o tratamento da halitose, mas todos os profissionais podem adotar procedimentos que auxiliem o melhor equil\u00edbrio bucal e, consequentemente, o bem-estar do paciente. \u201c\u00c9 importante observar c\u00e1ries, dentes impactados, se a gengiva est\u00e1 saud\u00e1vel, se ele faz a limpeza da l\u00edngua, se usa aparelho ortod\u00f4ntico; todas essas coisas podem contribuir para uma halitose ou sintomas de desequil\u00edbrio bucal, sobre os quais o dentista pode atuar\u201d, afirma a Dra. Anna Tereza.<\/p>\n\n\n\n<p>No tratamento especializado, o profissional utiliza um aparelho medidor de h\u00e1lito para avaliar e quantificar os gases da boca derivados de enxofre, que s\u00e3o os principais respons\u00e1veis pela halitose bucal. \u201cA partir disso, o cirurgi\u00e3o-dentista vai fazer as mudan\u00e7as necess\u00e1rias no meio bucal, observar a saliva, que \u00e9 primordial, porque precisa ter qualidade. \u00c0s vezes as gl\u00e2ndulas salivares est\u00e3o em hipofun\u00e7\u00e3o, ent\u00e3o a gente trabalha o tratamento da halitose e o tratamento salivar de forma conjunta, para que haja uma produ\u00e7\u00e3o maior de saliva, fazendo com que o paciente possa se sentir mais seguro\u201d, conclui a Dra. Cynthia Coelho.<\/p>\n\n\n\n<p><strong>M\u00eas do Dentista<\/strong><\/p>\n\n\n\n<p>A palestra sobre Halitose integra uma vasta programa\u00e7\u00e3o preparada pelo CRO-SE para celebrar o M\u00eas do Dentista. Uma s\u00e9rie de eventos cient\u00edficos e de integra\u00e7\u00e3o v\u00eam sendo realizados desde setembro, envolvendo discuss\u00f5es sobre diversas \u00e1reas da Odontologia, numa sequ\u00eancia que se estende at\u00e9 novembro. Na pr\u00f3xima sexta-feira, 28, acontece a Solenidade de Entrega da Medalha de Honra ao M\u00e9rito Odontol\u00f3gico, que anualmente condecora profissionais que deram relevantes contribui\u00e7\u00f5es \u00e0 Odontologia Sergipana. Este ano, ser\u00e1 no audit\u00f3rio do Museu da Gente Sergipana, \u00e0s 18h30, incluindo tamb\u00e9m uma homenagem aos profissionais que completam 25 anos de inscri\u00e7\u00e3o no CRO, ou seja, o Jubileu de Prata da sua atua\u00e7\u00e3o profissional em Sergipe.<\/p>\n\n\n\n<p><em><strong>Acompanhe tamb\u00e9m o SE Not\u00edcias no&nbsp;<a rel=\"noreferrer noopener\" href=\"https:\/\/twitter.com\/Senoticias\" target=\"_blank\">Twitter<\/a>,&nbsp;<a rel=\"noreferrer noopener\" href=\"https:\/\/www.facebook.com\/senoticias1\" target=\"_blank\">Facebook<\/a>&nbsp;e no&nbsp;<a rel=\"noreferrer noopener\" href=\"https:\/\/www.instagram.com\/senoticias\/\" target=\"_blank\">Instagram<\/a><\/strong><\/em><\/p>\n\n\n\n<p><\/p>\n","protected":false},"excerpt":{"rendered":"<p>Neste 25 de outubro, Dia Nacional do Cirurgi\u00e3o-Dentista, o Conselho Regional de Odontologia de Sergipe (CRO-SE) realiza aa palestra \u201cHalitose: na d\u00favida, pergunte!\u201d, ministrada pela Dra. Cynthia Coelho, a partir das 19h, no audit\u00f3rio da autarquia. O tema foi escolhido para abordagem neste m\u00eas, pela necessidade de ampliar a informa\u00e7\u00e3o p\u00fablica sobre o desequil\u00edbrio, que [&hellip;]<\/p>\n","protected":false},"author":6557,"featured_media":0,"comment_status":"closed","ping_status":"closed","sticky":false,"template":"","format":"standard","meta":{"footnotes":""},"categories":[15,2961],"tags":[13304,37478,3653],"class_list":{"0":"post-134478","1":"post","2":"type-post","3":"status-publish","4":"format-standard","6":"category-destaques","7":"category-nacional","8":"tag-dia-do-dentista","9":"tag-halitose","10":"tag-odontologia"},"_links":{"self":[{"href":"https:\/\/senoticias.com.br\/se\/wp-json\/wp\/v2\/posts\/134478"}],"collection":[{"href":"https:\/\/senoticias.com.br\/se\/wp-json\/wp\/v2\/posts"}],"about":[{"href":"https:\/\/senoticias.com.br\/se\/wp-json\/wp\/v2\/types\/post"}],"author":[{"embeddable":true,"href":"https:\/\/senoticias.com.br\/se\/wp-json\/wp\/v2\/users\/6557"}],"replies":[{"embeddable":true,"href":"https:\/\/senoticias.com.br\/se\/wp-json\/wp\/v2\/comments?post=134478"}],"version-history":[{"count":0,"href":"https:\/\/senoticias.com.br\/se\/wp-json\/wp\/v2\/posts\/134478\/revisions"}],"wp:attachment":[{"href":"https:\/\/senoticias.com.br\/se\/wp-json\/wp\/v2\/media?parent=134478"}],"wp:term":[{"taxonomy":"category","embeddable":true,"href":"https:\/\/senoticias.com.br\/se\/wp-json\/wp\/v2\/categories?post=134478"},{"taxonomy":"post_tag","embeddable":true,"href":"https:\/\/senoticias.com.br\/se\/wp-json\/wp\/v2\/tags?post=134478"}],"curies":[{"name":"wp","href":"https:\/\/api.w.org\/{rel}","templated":true}]}}