{"id":134477,"date":"2022-10-24T14:48:09","date_gmt":"2022-10-24T17:48:09","guid":{"rendered":"https:\/\/senoticias.com.br\/se\/?p=134477"},"modified":"2022-10-24T14:51:26","modified_gmt":"2022-10-24T17:51:26","slug":"prefeitura-de-aracaju-pagara-salarios-dos-servidores-nesta-quinta-feira-27","status":"publish","type":"post","link":"https:\/\/senoticias.com.br\/se\/prefeitura-de-aracaju-pagara-salarios-dos-servidores-nesta-quinta-feira-27\/","title":{"rendered":"Prefeitura de Aracaju pagar\u00e1 sal\u00e1rios dos servidores nesta quinta-feira, 27"},"content":{"rendered":"\n<p>A Prefeitura de Aracaju realizar\u00e1 o pagamento dos sal\u00e1rios de todos os servidores, referente ao m\u00eas de outubro, nesta quinta-feira, 27. Recebem seus vencimentos os trabalhadores ativos e inativos, da administra\u00e7\u00e3o direta e indireta, efetivos e comissionados. O an\u00fancio foi feito pelo prefeito Edvaldo Nogueira, atrav\u00e9s das redes sociais, nesta segunda-feira, 24. Ele tamb\u00e9m informou que o ponto facultativo pelo Dia do Servidor est\u00e1 mantido para a sexta-feira, 28.<\/p>\n\n\n\n<figure class=\"wp-block-image size-large\"><img loading=\"lazy\" decoding=\"async\" width=\"1024\" height=\"601\" src=\"https:\/\/senoticias.com.br\/se\/wp-content\/uploads\/2015\/06\/cms-image-000348333-1024x601.jpg\" alt=\"\" class=\"wp-image-81277\"\/><figcaption>Prefeitura de Aracaju paga sal\u00e1rios deste m\u00eas na quinta-feira\/Abr<\/figcaption><\/figure>\n\n\n\n<p>\u201cIniciamos a semana com a not\u00edcia que deixa todo servidor feliz. Pagaremos os sal\u00e1rios de todos os trabalhadores da Prefeitura nesta quinta-feira, dia 27. S\u00e3o cinco anos e dez meses honrando o compromisso firmado com os servidores da Prefeitura de Aracaju, fundamentais para o desenvolvimento da nossa cidade. Tamb\u00e9m pagaremos neste m\u00eas o acr\u00e9scimo de 5% para os servidores da Sa\u00fade, conforme hav\u00edamos anunciado no primeiro semestre\u201d, destacou o prefeito.<\/p>\n\n\n\n<p>Durante a transmiss\u00e3o ao vivo, Edvaldo tamb\u00e9m anunciou o ponto facultativo pelo Dia do Servidor, que ser\u00e1 concedido na sexta-feira, dia 28. Neste dia, os \u00f3rg\u00e3os municipais n\u00e3o funcionar\u00e3o, com exce\u00e7\u00e3o daquelas unidades que prestam servi\u00e7os considerados essenciais e que n\u00e3o podem sofrer descontinuidade.<\/p>\n\n\n\n<p>Al\u00e9m disso, o prefeito informou o pagamento da segunda parcela do reajuste salarial dos servidores da Sa\u00fade. A primeira parcela, de 5%, foi paga em maio, a todos os servidores municipais da capital. Aos trabalhadores da Sa\u00fade, foi inclu\u00edda uma segunda parcela, com mais 5% de aumento salarial, cujo in\u00edcio do pagamento ocorrer\u00e1 neste m\u00eas de outubro.<\/p>\n\n\n\n<p>O pagamento do sal\u00e1rio em dia tem sido um compromisso que a gest\u00e3o de Edvaldo honra com os trabalhadores da Prefeitura de Aracaju desde janeiro de 2017, primeiro m\u00eas do seu mandato anterior. Al\u00e9m disso, a administra\u00e7\u00e3o tem mantido o pagamento antecipado da primeira parcela do d\u00e9cimo terceiro sal\u00e1rio e f\u00e9rias, assim como tem realizado o pagamento de direitos e benef\u00edcios.<\/p>\n\n\n\n<p><em><strong>Acompanhe tamb\u00e9m o SE Not\u00edcias no\u00a0<a rel=\"noreferrer noopener\" href=\"https:\/\/twitter.com\/Senoticias\" target=\"_blank\">Twitter<\/a>,\u00a0<a rel=\"noreferrer noopener\" href=\"https:\/\/www.facebook.com\/senoticias1\" target=\"_blank\">Facebook<\/a>\u00a0e no\u00a0<a rel=\"noreferrer noopener\" href=\"https:\/\/www.instagram.com\/senoticias\/\" target=\"_blank\">Instagram<\/a><\/strong><\/em><\/p>\n\n\n\n<p>Fonte: Ag\u00eancia Aracaju de Not\u00edcias<\/p>\n","protected":false},"excerpt":{"rendered":"<p>A Prefeitura de Aracaju realizar\u00e1 o pagamento dos sal\u00e1rios de todos os servidores, referente ao m\u00eas de outubro, nesta quinta-feira, 27. Recebem seus vencimentos os trabalhadores ativos e inativos, da administra\u00e7\u00e3o direta e indireta, efetivos e comissionados. O an\u00fancio foi feito pelo prefeito Edvaldo Nogueira, atrav\u00e9s das redes sociais, nesta segunda-feira, 24. Ele tamb\u00e9m informou [&hellip;]<\/p>\n","protected":false},"author":6557,"featured_media":0,"comment_status":"closed","ping_status":"closed","sticky":false,"template":"","format":"standard","meta":{"footnotes":""},"categories":[15,6,1],"tags":[37477,6276,213],"class_list":{"0":"post-134477","1":"post","2":"type-post","3":"status-publish","4":"format-standard","6":"category-destaques","7":"category-politica","8":"category-sem-categoria","9":"tag-mes-de-outubro","10":"tag-pagamento-dos-servidores","11":"tag-prefeitura-de-aracaju"},"_links":{"self":[{"href":"https:\/\/senoticias.com.br\/se\/wp-json\/wp\/v2\/posts\/134477"}],"collection":[{"href":"https:\/\/senoticias.com.br\/se\/wp-json\/wp\/v2\/posts"}],"about":[{"href":"https:\/\/senoticias.com.br\/se\/wp-json\/wp\/v2\/types\/post"}],"author":[{"embeddable":true,"href":"https:\/\/senoticias.com.br\/se\/wp-json\/wp\/v2\/users\/6557"}],"replies":[{"embeddable":true,"href":"https:\/\/senoticias.com.br\/se\/wp-json\/wp\/v2\/comments?post=134477"}],"version-history":[{"count":0,"href":"https:\/\/senoticias.com.br\/se\/wp-json\/wp\/v2\/posts\/134477\/revisions"}],"wp:attachment":[{"href":"https:\/\/senoticias.com.br\/se\/wp-json\/wp\/v2\/media?parent=134477"}],"wp:term":[{"taxonomy":"category","embeddable":true,"href":"https:\/\/senoticias.com.br\/se\/wp-json\/wp\/v2\/categories?post=134477"},{"taxonomy":"post_tag","embeddable":true,"href":"https:\/\/senoticias.com.br\/se\/wp-json\/wp\/v2\/tags?post=134477"}],"curies":[{"name":"wp","href":"https:\/\/api.w.org\/{rel}","templated":true}]}}