{"id":134454,"date":"2022-10-21T12:38:22","date_gmt":"2022-10-21T15:38:22","guid":{"rendered":"https:\/\/senoticias.com.br\/se\/?p=134454"},"modified":"2022-10-21T12:38:31","modified_gmt":"2022-10-21T15:38:31","slug":"cavalos-apreendidos-no-haras-de-valdevan-podem-ser-doados-a-policia-militar-de-sergipe","status":"publish","type":"post","link":"https:\/\/senoticias.com.br\/se\/cavalos-apreendidos-no-haras-de-valdevan-podem-ser-doados-a-policia-militar-de-sergipe\/","title":{"rendered":"Cavalos apreendidos no haras de Valdevan podem ser doados a Pol\u00edcia Militar de Sergipe"},"content":{"rendered":"\n<p>Como resultado da primeira fase da Opera\u00e7\u00e3o Chapelier, a Pol\u00edcia Civil de S\u00e3o Paulo j\u00e1 havia apreendido, em Sergipe, 41 cavalos de alto valor pertencentes ao ex-deputado federal e ex-presidente do Sindicato dos Motoristas e Trabalhadores em Transporte Rodovi\u00e1rio Urbano de S\u00e3o Paulo (SindMotoristas), Valdevan Noventa. Na segunda fase, que ocorreu nessa quinta-feira (20), mais dois cavalos de ra\u00e7a foram apreendidos em Sorocaba (SP).<\/p>\n\n\n\n<figure class=\"wp-block-image size-large\"><img loading=\"lazy\" decoding=\"async\" width=\"571\" height=\"762\" src=\"https:\/\/senoticias.com.br\/se\/wp-content\/uploads\/2022\/10\/WhatsApp-Image-2022-10-21-at-12.14.05.jpeg\" alt=\"\" class=\"wp-image-134455\" srcset=\"https:\/\/senoticias.com.br\/se\/wp-content\/uploads\/2022\/10\/WhatsApp-Image-2022-10-21-at-12.14.05.jpeg 571w, https:\/\/senoticias.com.br\/se\/wp-content\/uploads\/2022\/10\/WhatsApp-Image-2022-10-21-at-12.14.05-225x300.jpeg 225w\" sizes=\"(max-width: 571px) 100vw, 571px\" \/><figcaption>\nPol\u00edcia Civil de SP pediu o sequestro judicial dos animais, que dever\u00e3o ser doados ao Esquadr\u00e3o de Pol\u00edcia Montada da PMSE &#8211; Foto: SSP\/SE\n<\/figcaption><\/figure>\n\n\n\n<p>O delegado Roberto Monteiro, da Pol\u00edcia Civil de SP, ressaltou o alto valor dos cavalos apreendidos na Opera\u00e7\u00e3o Chapelier. Dos cavalos apreendidos, h\u00e1 animais que chegam a valer R$ 1 milh\u00e3o, conforme a apura\u00e7\u00e3o da Pol\u00edcia Civil paulista. Os animais apreendidos em Sergipe est\u00e3o sob a cust\u00f3dia da Cavalaria da Pol\u00edcia Militar sergipana.<\/p>\n\n\n\n<p>\u201cNa fase um da opera\u00e7\u00e3o, apreendemos cavalos e fizemos buscas e apreens\u00f5es. Esses cavalos valiosos est\u00e3o depositados na Cavalaria da Pol\u00edcia Militar de Sergipe. Estamos pedindo \u00e0 Justi\u00e7a de SP que d\u00ea o perdimento definitivo desses animais para que possam incorporar o patrim\u00f4nio da Pol\u00edcia Militar de Sergipe. Na segunda fase, dois cavalos de ra\u00e7a de alt\u00edssimo custo foram apreendidos em Sorocaba (SP)\u201d, destacou.<\/p>\n\n\n\n<p><strong>Investiga\u00e7\u00e3o<\/strong><\/p>\n\n\n\n<p>A Opera\u00e7\u00e3o Chapelier apura um esquema criminoso envolvendo o SindMotoristas, em SP. \u201cO grupo criminoso indicava fornecedores para as empresas de \u00f4nibus, como fornecedores de planos de sa\u00fade, odontol\u00f3gicos, cestas b\u00e1sicas. Essas empresas indicadas passavam propinas para a diretoria do sindicato, para a organiza\u00e7\u00e3o criminosa. E as empresas de \u00f4nibus eram obrigadas a atender o grupo, sob pena de terem as garagens paralisadas por piquetes e greves&#8221;, explicou o delegado Roberto Monteiro.<\/p>\n\n\n\n<p>Conforme o delegado da Pol\u00edcia Civil de SP, como a Prefeitura da capital paulista fornece subs\u00eddio ao transporte coletivo feito pelos \u00f4nibus, o esquema afetava os cofres p\u00fablicos e a popula\u00e7\u00e3o. \u201cTemos um relat\u00f3rio da Receita Federal que tem provas fortes de lavagem de dinheiro e oculta\u00e7\u00e3o de bens por essa organiza\u00e7\u00e3o criminosa que tomou o SindMotoristas. Os recursos il\u00edcitos beiram a casa dos R$ 100 milh\u00f5es anuais\u201d, pontuou.<\/p>\n\n\n\n<p><em><strong>Acompanhe tamb\u00e9m o SE Not\u00edcias no\u00a0<a rel=\"noreferrer noopener\" href=\"https:\/\/twitter.com\/Senoticias\" target=\"_blank\">Twitter<\/a>,\u00a0<a rel=\"noreferrer noopener\" href=\"https:\/\/www.facebook.com\/senoticias1\" target=\"_blank\">Facebook<\/a>\u00a0e no\u00a0<a rel=\"noreferrer noopener\" href=\"https:\/\/www.instagram.com\/senoticias\/\" target=\"_blank\">Instagram<\/a><\/strong><\/em><\/p>\n","protected":false},"excerpt":{"rendered":"<p>Como resultado da primeira fase da Opera\u00e7\u00e3o Chapelier, a Pol\u00edcia Civil de S\u00e3o Paulo j\u00e1 havia apreendido, em Sergipe, 41 cavalos de alto valor pertencentes ao ex-deputado federal e ex-presidente do Sindicato dos Motoristas e Trabalhadores em Transporte Rodovi\u00e1rio Urbano de S\u00e3o Paulo (SindMotoristas), Valdevan Noventa. Na segunda fase, que ocorreu nessa quinta-feira (20), mais [&hellip;]<\/p>\n","protected":false},"author":6557,"featured_media":0,"comment_status":"closed","ping_status":"closed","sticky":false,"template":"","format":"standard","meta":{"footnotes":""},"categories":[15,7],"tags":[37468,86,11256],"class_list":{"0":"post-134454","1":"post","2":"type-post","3":"status-publish","4":"format-standard","6":"category-destaques","7":"category-policia","8":"tag-cavalos-apreendidos","9":"tag-policia-militar","10":"tag-valdevan-noventa"},"_links":{"self":[{"href":"https:\/\/senoticias.com.br\/se\/wp-json\/wp\/v2\/posts\/134454"}],"collection":[{"href":"https:\/\/senoticias.com.br\/se\/wp-json\/wp\/v2\/posts"}],"about":[{"href":"https:\/\/senoticias.com.br\/se\/wp-json\/wp\/v2\/types\/post"}],"author":[{"embeddable":true,"href":"https:\/\/senoticias.com.br\/se\/wp-json\/wp\/v2\/users\/6557"}],"replies":[{"embeddable":true,"href":"https:\/\/senoticias.com.br\/se\/wp-json\/wp\/v2\/comments?post=134454"}],"version-history":[{"count":0,"href":"https:\/\/senoticias.com.br\/se\/wp-json\/wp\/v2\/posts\/134454\/revisions"}],"wp:attachment":[{"href":"https:\/\/senoticias.com.br\/se\/wp-json\/wp\/v2\/media?parent=134454"}],"wp:term":[{"taxonomy":"category","embeddable":true,"href":"https:\/\/senoticias.com.br\/se\/wp-json\/wp\/v2\/categories?post=134454"},{"taxonomy":"post_tag","embeddable":true,"href":"https:\/\/senoticias.com.br\/se\/wp-json\/wp\/v2\/tags?post=134454"}],"curies":[{"name":"wp","href":"https:\/\/api.w.org\/{rel}","templated":true}]}}