{"id":134378,"date":"2022-10-14T19:15:09","date_gmt":"2022-10-14T22:15:09","guid":{"rendered":"https:\/\/senoticias.com.br\/se\/?p=134378"},"modified":"2022-10-14T19:21:36","modified_gmt":"2022-10-14T22:21:36","slug":"policiais-rodoviarios-federais-acusados-de-envolvimento-na-morte-de-genivaldo-santos-sao-presos-em-sergipe","status":"publish","type":"post","link":"https:\/\/senoticias.com.br\/se\/policiais-rodoviarios-federais-acusados-de-envolvimento-na-morte-de-genivaldo-santos-sao-presos-em-sergipe\/","title":{"rendered":"Policiais rodovi\u00e1rios federais acusados de envolvimento na morte de Genivaldo Santos s\u00e3o presos em Sergipe"},"content":{"rendered":"\n<p><\/p>\n\n\n\n<p>Os tr\u00eas policiais rodovi\u00e1rios federais acusados de envolvimento na morte de Genivaldo Santos, 38 anos, durante uma abordagem, no dia 25 de maio deste ano, est\u00e3o presos no Pres\u00eddio Militar de Sergipe, em Aracaju. A informa\u00e7\u00e3o foi confirmada pela dire\u00e7\u00e3o da unidade. A pris\u00e3o foi realizada, nesta sexta-feira (14), ap\u00f3s os policiais se apresentarem voluntariamente \u00e0 Pol\u00edcia Federal, depois que a Justi\u00e7a Federal acatou a den\u00fancia do MPF pelos crimes de abuso de autoridade, tortura e homic\u00eddio qualificado. A defesa dos policiais ainda n\u00e3o se manifestou sobre a pris\u00e3o.<\/p>\n\n\n\n<figure class=\"wp-block-image size-large\"><img loading=\"lazy\" decoding=\"async\" width=\"560\" height=\"269\" src=\"https:\/\/senoticias.com.br\/se\/wp-content\/uploads\/2022\/05\/Morte-de-Genivaldo-SE-Noticias.jpg\" alt=\"\" class=\"wp-image-132820\" srcset=\"https:\/\/senoticias.com.br\/se\/wp-content\/uploads\/2022\/05\/Morte-de-Genivaldo-SE-Noticias.jpg 560w, https:\/\/senoticias.com.br\/se\/wp-content\/uploads\/2022\/05\/Morte-de-Genivaldo-SE-Noticias-300x144.jpg 300w\" sizes=\"(max-width: 560px) 100vw, 560px\" \/><figcaption>Genivaldo de Jesus Santos, foi morto durante a\u00e7\u00e3o da PRF, em Umba\u00faba (SE) \u2014 Foto: Arquivo pessoal<\/figcaption><\/figure>\n\n\n\n<p>Genivaldo morreu o munic\u00edpio de Umba\u00faba, cidade do Sul sergipano, ap\u00f3s abordado por policiais rodovi\u00e1rios federais por estar pilotando uma moto sem capacete. Durante a a\u00e7\u00e3o policial, ele foi trancado no porta-malas de uma viatura da PRF e submetido \u00e0 inala\u00e7\u00e3o de g\u00e1s lacrimog\u00eaneo. A certid\u00e3o de \u00f3bito apontou asfixia e insufici\u00eancia respirat\u00f3ria como causa da morte.<\/p>\n\n\n\n<p>William de Barros Noia, Kleber Nascimento Freitas e Paulo Rodolpho Lima Nascimento foram indiciados pela Pol\u00edcia Federal por homic\u00eddio qualificado e abuso de autoridade. Na \u00faltima segunda-feira (10), o Minist\u00e9rio P\u00fablico Federal ofereceu den\u00fancia \u00e0 Justi\u00e7a e pediu que fosse retirado o sigilo do caso.<\/p>\n\n\n\n<p>Atrav\u00e9s de nota, a Justi\u00e7a Federal em Sergipe informou que o magistrado titular da 7\u00aa Vara Federal &#8211; Subse\u00e7\u00e3o Judici\u00e1ria de Est\u00e2ncia, Rafael Soares Souza, determinou a pris\u00e3o ap\u00f3s a representa\u00e7\u00e3o do Minist\u00e9rio P\u00fablico Federal em Sergipe (MPF\/SE) pela pris\u00e3o dos r\u00e9us e den\u00fancia dos PRFs pelos crimes de abuso de autoridade, tortura e homic\u00eddio qualificado.<\/p>\n\n\n\n<p>O texto diz ainda que a cust\u00f3dia cautelar tem o objetivo de garantir a ordem p\u00fablica e instru\u00e7\u00e3o do processo. Ainda segundo a nota, os policiais passaram por exame de corpo de delito no Instituto M\u00e9dico Legal (IML), uma audi\u00eancia de cust\u00f3dia e depois foram encaminhados para o pres\u00eddio.<\/p>\n\n\n\n<p><strong>Per\u00edcia sobre o caso<\/strong><\/p>\n\n\n\n<p>Genivaldo morreu ap\u00f3s ficar 11 minutos e 27 segundos exposto a gases t\u00f3xicos, e impedido de sair de uma viatura da Pol\u00edcia Rodovi\u00e1ria Federal em Sergipe. A informa\u00e7\u00e3o \u00e9 um dos resultados da per\u00edcia feita pela Pol\u00edcia Federal, que a reportagem do Fant\u00e1stico, exibiu no domingo (9), com exclusividade.<\/p>\n\n\n\n<p>Durante as investiga\u00e7\u00f5es os peritos atestaram que a concentra\u00e7\u00e3o de mon\u00f3xido de carbono foi pequena. J\u00e1 a de \u00e1cido sulf\u00eddrico foi bem maior, e pode ter causado convuls\u00f5es e incapacidade de respirar.<\/p>\n\n\n\n<p>Segundo a per\u00edcia, o esfor\u00e7o f\u00edsico intenso e o estresse causados pela abordagem policial resultaram numa respira\u00e7\u00e3o acelerada de Genivaldo. Isso pode ter potencializado ainda mais os efeitos t\u00f3xicos dos gases. A per\u00edcia afirmou ainda, que os gases causaram um colapso no pulm\u00e3o da v\u00edtima.<\/p>\n\n\n\n<p><em><strong>Acompanhe tamb\u00e9m o SE Not\u00edcias no\u00a0<a rel=\"noreferrer noopener\" href=\"https:\/\/twitter.com\/Senoticias\" target=\"_blank\">Twitter<\/a>,\u00a0<a rel=\"noreferrer noopener\" href=\"https:\/\/www.facebook.com\/senoticias1\" target=\"_blank\">Facebook<\/a>\u00a0e no\u00a0<a rel=\"noreferrer noopener\" href=\"https:\/\/www.instagram.com\/senoticias\/\" target=\"_blank\">Instagram<\/a><\/strong><\/em><\/p>\n\n\n\n<p>Fonte: <strong><a href=\"https:\/\/g1.globo.com\/se\/sergipe\/noticia\/2022\/10\/14\/policiais-envolvidos-na-morte-de-genivaldo-santos-sao-presos-em-sergipe.ghtml\">G1 <\/a><\/strong>SE<\/p>\n","protected":false},"excerpt":{"rendered":"<p>Os tr\u00eas policiais rodovi\u00e1rios federais acusados de envolvimento na morte de Genivaldo Santos, 38 anos, durante uma abordagem, no dia 25 de maio deste ano, est\u00e3o presos no Pres\u00eddio Militar de Sergipe, em Aracaju. A informa\u00e7\u00e3o foi confirmada pela dire\u00e7\u00e3o da unidade. A pris\u00e3o foi realizada, nesta sexta-feira (14), ap\u00f3s os policiais se apresentarem voluntariamente [&hellip;]<\/p>\n","protected":false},"author":6557,"featured_media":0,"comment_status":"closed","ping_status":"closed","sticky":false,"template":"","format":"standard","meta":{"footnotes":""},"categories":[15,7,1],"tags":[9654,7830,77],"class_list":{"0":"post-134378","1":"post","2":"type-post","3":"status-publish","4":"format-standard","6":"category-destaques","7":"category-policia","8":"category-sem-categoria","9":"tag-policiais-presos","10":"tag-policiais-rodoviarios-federais","11":"tag-prf"},"_links":{"self":[{"href":"https:\/\/senoticias.com.br\/se\/wp-json\/wp\/v2\/posts\/134378"}],"collection":[{"href":"https:\/\/senoticias.com.br\/se\/wp-json\/wp\/v2\/posts"}],"about":[{"href":"https:\/\/senoticias.com.br\/se\/wp-json\/wp\/v2\/types\/post"}],"author":[{"embeddable":true,"href":"https:\/\/senoticias.com.br\/se\/wp-json\/wp\/v2\/users\/6557"}],"replies":[{"embeddable":true,"href":"https:\/\/senoticias.com.br\/se\/wp-json\/wp\/v2\/comments?post=134378"}],"version-history":[{"count":0,"href":"https:\/\/senoticias.com.br\/se\/wp-json\/wp\/v2\/posts\/134378\/revisions"}],"wp:attachment":[{"href":"https:\/\/senoticias.com.br\/se\/wp-json\/wp\/v2\/media?parent=134378"}],"wp:term":[{"taxonomy":"category","embeddable":true,"href":"https:\/\/senoticias.com.br\/se\/wp-json\/wp\/v2\/categories?post=134378"},{"taxonomy":"post_tag","embeddable":true,"href":"https:\/\/senoticias.com.br\/se\/wp-json\/wp\/v2\/tags?post=134378"}],"curies":[{"name":"wp","href":"https:\/\/api.w.org\/{rel}","templated":true}]}}