{"id":134332,"date":"2022-10-11T12:19:15","date_gmt":"2022-10-11T15:19:15","guid":{"rendered":"https:\/\/senoticias.com.br\/se\/?p=134332"},"modified":"2022-10-11T12:19:20","modified_gmt":"2022-10-11T15:19:20","slug":"paulo-dantas-governador-de-alagoas-e-alvo-de-operacao-policial-e-afastado-do-cargo-pelo-stj","status":"publish","type":"post","link":"https:\/\/senoticias.com.br\/se\/paulo-dantas-governador-de-alagoas-e-alvo-de-operacao-policial-e-afastado-do-cargo-pelo-stj\/","title":{"rendered":"Paulo Dantas, governador de Alagoas, \u00e9 alvo de opera\u00e7\u00e3o policial e afastado do cargo pelo STJ"},"content":{"rendered":"\n<p>O Superior Tribunal de Justi\u00e7a (STJ) determinou o afastamento do governador de Alagoas, Paulo Dantas (MDB), do cargo. Ele \u00e9 alvo de uma opera\u00e7\u00e3o do Minist\u00e9rio P\u00fablico Federal (MPF) que investiga um suposto esquema de rachadinha na Assembleia Legislativa do estado com desvio de R$ 54 milh\u00f5es.<\/p>\n\n\n\n<figure class=\"wp-block-image size-large\"><img loading=\"lazy\" decoding=\"async\" width=\"583\" height=\"386\" src=\"https:\/\/senoticias.com.br\/se\/wp-content\/uploads\/2022\/10\/Paulo-Dantas-SE-Noticias.png\" alt=\"\" class=\"wp-image-134333\" srcset=\"https:\/\/senoticias.com.br\/se\/wp-content\/uploads\/2022\/10\/Paulo-Dantas-SE-Noticias.png 583w, https:\/\/senoticias.com.br\/se\/wp-content\/uploads\/2022\/10\/Paulo-Dantas-SE-Noticias-300x199.png 300w, https:\/\/senoticias.com.br\/se\/wp-content\/uploads\/2022\/10\/Paulo-Dantas-SE-Noticias-90x60.png 90w, https:\/\/senoticias.com.br\/se\/wp-content\/uploads\/2022\/10\/Paulo-Dantas-SE-Noticias-180x120.png 180w, https:\/\/senoticias.com.br\/se\/wp-content\/uploads\/2022\/10\/Paulo-Dantas-SE-Noticias-95x64.png 95w\" sizes=\"(max-width: 583px) 100vw, 583px\" \/><figcaption>O governador de Alagoas, Paulo Dantas (MDB) \u00e9 afastado do cargo \u2014 Foto: Prefeitura de Santana do Ipanema\/Divulga\u00e7\u00e3o<\/figcaption><\/figure>\n\n\n\n<p>O g1 procurou a assessoria do governador, que informou estar ciente da opera\u00e7\u00e3o e que emitiria uma nota, o que n\u00e3o havia acontecido at\u00e9 a \u00faltima atualiza\u00e7\u00e3o desta reportagem.<\/p>\n\n\n\n<p>A opera\u00e7\u00e3o, batizada de Edema, apura supostos desvios de recursos p\u00fablicos desde 2019. Segundo as investiga\u00e7\u00f5es, foram desviados R$ 54 milh\u00f5es da Assembleia Legislativa, e os principais benefici\u00e1rios eram o governador e sua esposa, a prefeita da cidade de Batalha, Marina Thereza Dantas. A irm\u00e3 de Paulo Dantas tamb\u00e9m est\u00e1 entre os investigados.<\/p>\n\n\n\n<p>A assessoria da prefeita Marina Dantas informou que ela n\u00e3o vai se pronunciar sobre a opera\u00e7\u00e3o.<\/p>\n\n\n\n<p>Segundo a Pol\u00edcia Federal, parte do valor desviado foi utilizada para pagamentos de despesas pessoais, pagamento de advogados, transfer\u00eancias a familiares e compra de bens.<\/p>\n\n\n\n<p>A PF cumpre 31 mandados de busca e apreens\u00e3o nesta ter\u00e7a. Entre os endere\u00e7os est\u00e3o a Assembleia Legislativa, a sede do governo, as casas de Dantas e de parentes dele.<\/p>\n\n\n\n<p>De acordo com a pol\u00edcia, foram apreendidos R$ 100 mil em esp\u00e9cie na casa do governador, R$ 14 mil com ele em um hotel em S\u00e3o Paulo e R$ 150 mil na casa de um cunhado dele.<\/p>\n\n\n\n<p><strong>Sequestro de bens do governador<\/strong><\/p>\n\n\n\n<p>Al\u00e9m das buscas, a Justi\u00e7a ainda determinou o sequestro de bens e valores dos envolvidos no total desviado, R$ 54 milh\u00f5es. Eles s\u00e3o suspeitos de organiza\u00e7\u00e3o criminosa, peculato e lavagem de dinheiro. A apura\u00e7\u00e3o corre em sigilo.<\/p>\n\n\n\n<p>Na decis\u00e3o, o STJ afastou Dantas do cargo por 180 dias. Com isso, o vice-governador Jos\u00e9 Wanderley Neto (MDB), assume o cargo. Al\u00e9m disso, a Justi\u00e7a ainda determinou que o governador e os demais investigados, que n\u00e3o tiveram os nomes divulgados, n\u00e3o mantenham contato entre si e n\u00e3o frequentem os \u00f3rg\u00e3os p\u00fablicos citados na apura\u00e7\u00e3o.<\/p>\n\n\n\n<p>Dantas tem 43 anos, \u00e9 governador de Alagoas e disputa a reelei\u00e7\u00e3o para o cargo. Ele foi prefeito da cidade de Batalha, que hoje est\u00e1 sob o comando de sua esposa, por dois mandatos at\u00e9 2018, quando foi eleito deputado estadual. No primeiro turno, ficou \u00e0 frente da disputa contra Rodrigo Cunha (Uni\u00e3o).<\/p>\n\n\n\n<p><em><strong>Acompanhe tamb\u00e9m o SE Not\u00edcias no\u00a0<a rel=\"noreferrer noopener\" href=\"https:\/\/twitter.com\/Senoticias\" target=\"_blank\">Twitter<\/a>,\u00a0<a rel=\"noreferrer noopener\" href=\"https:\/\/www.facebook.com\/senoticias1\" target=\"_blank\">Facebook<\/a>\u00a0e no\u00a0<a rel=\"noreferrer noopener\" href=\"https:\/\/www.instagram.com\/senoticias\/\" target=\"_blank\">Instagram<\/a><\/strong><\/em><\/p>\n\n\n\n<p>Fonte: G1\/Alagoas<\/p>\n","protected":false},"excerpt":{"rendered":"<p>O Superior Tribunal de Justi\u00e7a (STJ) determinou o afastamento do governador de Alagoas, Paulo Dantas (MDB), do cargo. Ele \u00e9 alvo de uma opera\u00e7\u00e3o do Minist\u00e9rio P\u00fablico Federal (MPF) que investiga um suposto esquema de rachadinha na Assembleia Legislativa do estado com desvio de R$ 54 milh\u00f5es. O g1 procurou a assessoria do governador, que [&hellip;]<\/p>\n","protected":false},"author":6557,"featured_media":0,"comment_status":"closed","ping_status":"closed","sticky":false,"template":"","format":"standard","meta":{"footnotes":""},"categories":[15,2961],"tags":[2653,37406,37407,5114,37405],"class_list":{"0":"post-134332","1":"post","2":"type-post","3":"status-publish","4":"format-standard","6":"category-destaques","7":"category-nacional","8":"tag-alagoas","9":"tag-governador-de-alagoas","10":"tag-operacao-edema","11":"tag-operacao-policial","12":"tag-paulo-dantas"},"_links":{"self":[{"href":"https:\/\/senoticias.com.br\/se\/wp-json\/wp\/v2\/posts\/134332"}],"collection":[{"href":"https:\/\/senoticias.com.br\/se\/wp-json\/wp\/v2\/posts"}],"about":[{"href":"https:\/\/senoticias.com.br\/se\/wp-json\/wp\/v2\/types\/post"}],"author":[{"embeddable":true,"href":"https:\/\/senoticias.com.br\/se\/wp-json\/wp\/v2\/users\/6557"}],"replies":[{"embeddable":true,"href":"https:\/\/senoticias.com.br\/se\/wp-json\/wp\/v2\/comments?post=134332"}],"version-history":[{"count":0,"href":"https:\/\/senoticias.com.br\/se\/wp-json\/wp\/v2\/posts\/134332\/revisions"}],"wp:attachment":[{"href":"https:\/\/senoticias.com.br\/se\/wp-json\/wp\/v2\/media?parent=134332"}],"wp:term":[{"taxonomy":"category","embeddable":true,"href":"https:\/\/senoticias.com.br\/se\/wp-json\/wp\/v2\/categories?post=134332"},{"taxonomy":"post_tag","embeddable":true,"href":"https:\/\/senoticias.com.br\/se\/wp-json\/wp\/v2\/tags?post=134332"}],"curies":[{"name":"wp","href":"https:\/\/api.w.org\/{rel}","templated":true}]}}